{"id":11791,"date":"2018-09-19T16:52:37","date_gmt":"2018-09-19T19:52:37","guid":{"rendered":"http:\/\/www.fumssar.com.br\/?p=11791"},"modified":"2024-10-07T16:34:59","modified_gmt":"2024-10-07T19:34:59","slug":"fumssar-concluiu-trabalho-de-revitalizacao-da-ubs-julio-de-oliveira","status":"publish","type":"post","link":"https:\/\/www.fumssar.com.br\/?p=11791","title":{"rendered":"FUMSSAR concluiu trabalho de revitaliza\u00e7\u00e3o da UBS J\u00falio de Oliveira"},"content":{"rendered":"<p>A Funda\u00e7\u00e3o Municipal de Sa\u00fade de Santa Rosa &#8211; FUMSSAR entregou na manh\u00e3 de quarta-feira (19), as obras de revitaliza\u00e7\u00e3o e padroniza\u00e7\u00e3o da Unidade B\u00e1sica de Sa\u00fade da Fam\u00edlia J\u00falio de Oliveira.<\/p>\n<p>A Unidade que atende uma \u00e1rea de abrang\u00eancia cerca de 3.000 pessoas, no ano de 2017 realizou 30.031 atendimentos para a popula\u00e7\u00e3o usu\u00e1ria e neste ano at\u00e9 o momento j\u00e1 est\u00e1 com 22.100 atendimentos feitos pela equipe de sa\u00fade da fam\u00edlia, equivalente a 36% de aumento em rela\u00e7\u00e3o ao per\u00edodo.<\/p>\n<p>O ato de entrega foi realizado com a presen\u00e7a de autoridades e lideran\u00e7as da comunidade. Segundo Ademir Rosa Diretor da Gest\u00e3o Estrat\u00e9gica e Participativa, foram realizadas as melhorias na unidade que eram necess\u00e1rias no momento, bem como a pintura nova na parte externa e na recep\u00e7\u00e3o, deixando com a padroniza\u00e7\u00e3o das cores da FUMSSAR e um ambiente mais humanizado.<\/p>\n<p>O Presidente da FUMSSAR Anderson Mantei fez um relato das a\u00e7\u00f5es realizadas pela FUMSSAR, que mesmo com poucos recursos, tem prestado mais atendimentos e com servi\u00e7os de \u00f3tima qualidade para a popula\u00e7\u00e3o. Mantei ressaltou ainda que as melhorias entregues para a UBS, se fizeram necess\u00e1rias para a melhoria no atendimento e na conserva\u00e7\u00e3o do patrim\u00f4nio p\u00fablico.<\/p>\n<p><a href=\"http:\/\/www.fumssar.com.br\/wp-content\/uploads\/2018\/09\/julio-hj2.jpg\"><img loading=\"lazy\" decoding=\"async\" class=\"alignnone size-medium wp-image-11793\" alt=\"julio hj2\" src=\"http:\/\/www.fumssar.com.br\/wp-content\/uploads\/2018\/09\/julio-hj2-300x134.jpg\" width=\"300\" height=\"134\" srcset=\"https:\/\/www.fumssar.com.br\/wp-content\/uploads\/2018\/09\/julio-hj2-300x134.jpg 300w, https:\/\/www.fumssar.com.br\/wp-content\/uploads\/2018\/09\/julio-hj2.jpg 687w\" sizes=\"(max-width: 300px) 100vw, 300px\" \/><\/a><\/p>\n","protected":false},"excerpt":{"rendered":"<p>A Funda\u00e7\u00e3o Municipal de Sa\u00fade de Santa Rosa &#8211; FUMSSAR entregou na manh\u00e3 de quarta-feira&#8230;<\/p>\n","protected":false},"author":11,"featured_media":11792,"comment_status":"open","ping_status":"open","sticky":false,"template":"","format":"standard","meta":{"footnotes":""},"categories":[2],"tags":[],"_links":{"self":[{"href":"https:\/\/www.fumssar.com.br\/index.php?rest_route=\/wp\/v2\/posts\/11791"}],"collection":[{"href":"https:\/\/www.fumssar.com.br\/index.php?rest_route=\/wp\/v2\/posts"}],"about":[{"href":"https:\/\/www.fumssar.com.br\/index.php?rest_route=\/wp\/v2\/types\/post"}],"author":[{"embeddable":true,"href":"https:\/\/www.fumssar.com.br\/index.php?rest_route=\/wp\/v2\/users\/11"}],"replies":[{"embeddable":true,"href":"https:\/\/www.fumssar.com.br\/index.php?rest_route=%2Fwp%2Fv2%2Fcomments&post=11791"}],"version-history":[{"count":2,"href":"https:\/\/www.fumssar.com.br\/index.php?rest_route=\/wp\/v2\/posts\/11791\/revisions"}],"predecessor-version":[{"id":11795,"href":"https:\/\/www.fumssar.com.br\/index.php?rest_route=\/wp\/v2\/posts\/11791\/revisions\/11795"}],"wp:featuredmedia":[{"embeddable":true,"href":"https:\/\/www.fumssar.com.br\/index.php?rest_route=\/wp\/v2\/media\/11792"}],"wp:attachment":[{"href":"https:\/\/www.fumssar.com.br\/index.php?rest_route=%2Fwp%2Fv2%2Fmedia&parent=11791"}],"wp:term":[{"taxonomy":"category","embeddable":true,"href":"https:\/\/www.fumssar.com.br\/index.php?rest_route=%2Fwp%2Fv2%2Fcategories&post=11791"},{"taxonomy":"post_tag","embeddable":true,"href":"https:\/\/www.fumssar.com.br\/index.php?rest_route=%2Fwp%2Fv2%2Ftags&post=11791"}],"curies":[{"name":"wp","href":"https:\/\/api.w.org\/{rel}","templated":true}]}}