{"id":11775,"date":"2018-09-14T11:14:45","date_gmt":"2018-09-14T14:14:45","guid":{"rendered":"http:\/\/www.fumssar.com.br\/?p=11775"},"modified":"2024-10-07T16:34:59","modified_gmt":"2024-10-07T19:34:59","slug":"fumssar-investe-na-capacitacao-e-desenvolvimento-dos-servidores","status":"publish","type":"post","link":"https:\/\/www.fumssar.com.br\/?p=11775","title":{"rendered":"FUMSSAR investe na capacita\u00e7\u00e3o e desenvolvimento dos servidores"},"content":{"rendered":"<div>\n<p>FUMSSAR investe na capacita\u00e7\u00e3o e desenvolvimento dos servidores<\/p>\n<\/div>\n<p>No dia 06\/09\/18 ocorreu a entrega do certificado de conclus\u00e3o do curso de Capacita\u00e7\u00e3o em Gest\u00e3o de Servi\u00e7os em Sa\u00fade. O curso ocorreu em parceria da FUMSSAR com o Instituto Federal Farroupilha (IFFar). Esta capacita\u00e7\u00e3o teve como objetivo qualificar os coordenadores de diversos pontos de atendimentos aos usu\u00e1rios, faz parte das necessidades levantadas atrav\u00e9s do Projeto de Aperfei\u00e7oamento de Gest\u00e3o, que tem como base a melhoria cont\u00ednua, qualifica\u00e7\u00e3o do atendimento e humaniza\u00e7\u00e3o nos servi\u00e7os prestados.<\/p>\n<p>Ademir Rosa, respons\u00e1vel pela implementa\u00e7\u00e3o do projeto diz, \u201cesta etapa \u00e9 muito importante para a consolida\u00e7\u00e3o dos objetivos do projeto, pois vai dar a sustentabilidade necess\u00e1ria para as pr\u00f3ximas etapas, as quais j\u00e1 em andamento. Com a finaliza\u00e7\u00e3o desta capacita\u00e7\u00e3o j\u00e1 passamos de 2000 horas de treinamento neste ano\u201d.<\/p>\n<p>Anderson Mantei, presidente da FUMSSAR agradece e refor\u00e7a que a parceria com o Instituto Federal Farroupilha \u00e9 muito importante para a institui\u00e7\u00e3o e que essa busca de qualifica\u00e7\u00e3o ser\u00e1 cada vez mais intensa, pois \u00e9 assim que iremos melhorar o dia a dia nossos servi\u00e7os.<\/p>\n<p>.<a href=\"http:\/\/www.fumssar.com.br\/wp-content\/uploads\/2018\/09\/IFET-2.jpg\"><img loading=\"lazy\" decoding=\"async\" class=\"alignnone size-medium wp-image-11777\" alt=\"IFET 2\" src=\"http:\/\/www.fumssar.com.br\/wp-content\/uploads\/2018\/09\/IFET-2-300x199.jpg\" width=\"300\" height=\"199\" srcset=\"https:\/\/www.fumssar.com.br\/wp-content\/uploads\/2018\/09\/IFET-2-300x199.jpg 300w, https:\/\/www.fumssar.com.br\/wp-content\/uploads\/2018\/09\/IFET-2.jpg 800w\" sizes=\"(max-width: 300px) 100vw, 300px\" \/><\/a><\/p>\n","protected":false},"excerpt":{"rendered":"<p>FUMSSAR investe na capacita\u00e7\u00e3o e desenvolvimento dos servidores No dia 06\/09\/18 ocorreu a entrega do&#8230;<\/p>\n","protected":false},"author":11,"featured_media":11776,"comment_status":"open","ping_status":"open","sticky":false,"template":"","format":"standard","meta":{"footnotes":""},"categories":[2],"tags":[],"_links":{"self":[{"href":"https:\/\/www.fumssar.com.br\/index.php?rest_route=\/wp\/v2\/posts\/11775"}],"collection":[{"href":"https:\/\/www.fumssar.com.br\/index.php?rest_route=\/wp\/v2\/posts"}],"about":[{"href":"https:\/\/www.fumssar.com.br\/index.php?rest_route=\/wp\/v2\/types\/post"}],"author":[{"embeddable":true,"href":"https:\/\/www.fumssar.com.br\/index.php?rest_route=\/wp\/v2\/users\/11"}],"replies":[{"embeddable":true,"href":"https:\/\/www.fumssar.com.br\/index.php?rest_route=%2Fwp%2Fv2%2Fcomments&post=11775"}],"version-history":[{"count":1,"href":"https:\/\/www.fumssar.com.br\/index.php?rest_route=\/wp\/v2\/posts\/11775\/revisions"}],"predecessor-version":[{"id":11779,"href":"https:\/\/www.fumssar.com.br\/index.php?rest_route=\/wp\/v2\/posts\/11775\/revisions\/11779"}],"wp:featuredmedia":[{"embeddable":true,"href":"https:\/\/www.fumssar.com.br\/index.php?rest_route=\/wp\/v2\/media\/11776"}],"wp:attachment":[{"href":"https:\/\/www.fumssar.com.br\/index.php?rest_route=%2Fwp%2Fv2%2Fmedia&parent=11775"}],"wp:term":[{"taxonomy":"category","embeddable":true,"href":"https:\/\/www.fumssar.com.br\/index.php?rest_route=%2Fwp%2Fv2%2Fcategories&post=11775"},{"taxonomy":"post_tag","embeddable":true,"href":"https:\/\/www.fumssar.com.br\/index.php?rest_route=%2Fwp%2Fv2%2Ftags&post=11775"}],"curies":[{"name":"wp","href":"https:\/\/api.w.org\/{rel}","templated":true}]}}