{"id":11725,"date":"2018-08-29T15:10:09","date_gmt":"2018-08-29T18:10:09","guid":{"rendered":"http:\/\/www.fumssar.com.br\/?p=11725"},"modified":"2024-10-07T16:35:00","modified_gmt":"2024-10-07T19:35:00","slug":"cai-indice-de-infestacao-do-aedes-aegypti-em-santa-rosa","status":"publish","type":"post","link":"https:\/\/www.fumssar.com.br\/?p=11725","title":{"rendered":"Cai \u00edndice de infesta\u00e7\u00e3o do Aedes aegypti em Santa Rosa"},"content":{"rendered":"<p>A FUMSSAR\u00a0 concluiu o Levantamento R\u00e1pido do \u00cdndice de Infesta\u00e7\u00e3o por Aedes aegypti \u00a0LIRAa que foi realizado\u00a0 nos dias 27 e 28 de agosto. O \u00a0trabalho envolveu equipes de agentes de endemias, agentes de sa\u00fade e\u00a0 fiscais da 14\u00aa Coordenadoria Regional de Sa\u00fade. O resultado do LiRAa apontou um \u00edndice de 0,3 sendo que o preconizado pelo Minist\u00e9rio da Sa\u00fade \u00e9 1 %, e no m\u00eas de junho apontou para 1.6.<\/p>\n<p>Alice Klein Hofferber diretora de Aten\u00e7\u00e3o Prim\u00e1ria em Sa\u00fade da FUMSSAR, ressaltou que esta queda deve-se ao trabalho efetivo no combate ao mosquito que \u00e9 feito diariamente e o envolvimento dos agentes de endemias e Agentes Comunit\u00e1rios de Sa\u00fade. A \u00a0diretora destacou que al\u00e9m do trabalho nos im\u00f3veis, s\u00e3o realizadas campanhas na comunidade de conscientiza\u00e7\u00e3o em escolas empresas e outros \u00f3rg\u00e3os.<\/p>\n<p>O presidente da FUMSSAR, Anderson Mantei reafirmou o compromisso que a institui\u00e7\u00e3o tem em combater o vetor com a\u00e7\u00f5es diversas, visando proteger a sa\u00fade da coletividade.<\/p>\n","protected":false},"excerpt":{"rendered":"<p>A FUMSSAR\u00a0 concluiu o Levantamento R\u00e1pido do \u00cdndice de Infesta\u00e7\u00e3o por Aedes aegypti \u00a0LIRAa que&#8230;<\/p>\n","protected":false},"author":11,"featured_media":11726,"comment_status":"open","ping_status":"open","sticky":false,"template":"","format":"standard","meta":{"footnotes":""},"categories":[2],"tags":[],"_links":{"self":[{"href":"https:\/\/www.fumssar.com.br\/index.php?rest_route=\/wp\/v2\/posts\/11725"}],"collection":[{"href":"https:\/\/www.fumssar.com.br\/index.php?rest_route=\/wp\/v2\/posts"}],"about":[{"href":"https:\/\/www.fumssar.com.br\/index.php?rest_route=\/wp\/v2\/types\/post"}],"author":[{"embeddable":true,"href":"https:\/\/www.fumssar.com.br\/index.php?rest_route=\/wp\/v2\/users\/11"}],"replies":[{"embeddable":true,"href":"https:\/\/www.fumssar.com.br\/index.php?rest_route=%2Fwp%2Fv2%2Fcomments&post=11725"}],"version-history":[{"count":1,"href":"https:\/\/www.fumssar.com.br\/index.php?rest_route=\/wp\/v2\/posts\/11725\/revisions"}],"predecessor-version":[{"id":11727,"href":"https:\/\/www.fumssar.com.br\/index.php?rest_route=\/wp\/v2\/posts\/11725\/revisions\/11727"}],"wp:featuredmedia":[{"embeddable":true,"href":"https:\/\/www.fumssar.com.br\/index.php?rest_route=\/wp\/v2\/media\/11726"}],"wp:attachment":[{"href":"https:\/\/www.fumssar.com.br\/index.php?rest_route=%2Fwp%2Fv2%2Fmedia&parent=11725"}],"wp:term":[{"taxonomy":"category","embeddable":true,"href":"https:\/\/www.fumssar.com.br\/index.php?rest_route=%2Fwp%2Fv2%2Fcategories&post=11725"},{"taxonomy":"post_tag","embeddable":true,"href":"https:\/\/www.fumssar.com.br\/index.php?rest_route=%2Fwp%2Fv2%2Ftags&post=11725"}],"curies":[{"name":"wp","href":"https:\/\/api.w.org\/{rel}","templated":true}]}}