{"id":11616,"date":"2018-08-15T09:34:02","date_gmt":"2018-08-15T12:34:02","guid":{"rendered":"http:\/\/www.fumssar.com.br\/?p=11616"},"modified":"2024-10-07T16:35:00","modified_gmt":"2024-10-07T19:35:00","slug":"edital-de-convocacao-052018","status":"publish","type":"post","link":"https:\/\/www.fumssar.com.br\/?p=11616","title":{"rendered":"EDITAL DE CONVOCA\u00c7\u00c3O 05\/2018"},"content":{"rendered":"<p><a href=\"http:\/\/www.fumssar.com.br\/wp-content\/uploads\/2018\/08\/EDITAL-DE-CONVOCACAO-05.2018.doc\">EDITAL DE CONVOCACAO 05.2018<\/a><\/p>\n<p align=\"center\"><b>EDITAL DE CONVOCA\u00c7\u00c3O N\u00ba 05\/2018<\/b><\/p>\n<p><b>\u00a0<\/b><b>\u00a0<\/b><\/p>\n<p><b>O Presidente da Funda\u00e7\u00e3o Municipal de Sa\u00fade de Santa Rosa, <\/b>no uso de suas atribui\u00e7\u00f5es legais<b> comunica<\/b> que dever\u00e1 (\u00e3o) comparecer na Funda\u00e7\u00e3o Municipal da Sa\u00fade, sito \u00e0 Rua Dr. Francisco Timm, n\u00ba 480, para assumir vaga (s) para provimento (s) de cargo(s), conforme segue abaixo. Informa ainda que se o (os) candidato(s) <b>n\u00e3o se<\/b> <b>apresentar (em) no prazo m\u00e1ximo de 15 (quinze) dias ap\u00f3s esta publica\u00e7\u00e3o, ser\u00e1 (\u00e3o) considerado (s) desistente (s) tacitamente.<\/b><\/p>\n<p><b>\u00a0<\/b><b>\u00a0 \u00a0 \u00a0 \u00a0 \u00a0 \u00a0 \u00a0 \u00a0 \u00a0 \u00a0 \u00a0 \u00a0 \u00a0 \u00a0 \u00a0 \u00a0 \u00a0\u00a0<\/b><\/p>\n<p><b>Concurso P\u00fablico n\u00ba 01\/2015<\/b><\/p>\n<p>Contadora<\/p>\n<p>ADRIANA LONDERO BUTZEN<\/p>\n<p>&nbsp;<\/p>\n<p><b>\u00a0\u00a0\u00a0\u00a0\u00a0\u00a0\u00a0\u00a0\u00a0\u00a0\u00a0\u00a0\u00a0\u00a0\u00a0\u00a0\u00a0\u00a0\u00a0\u00a0\u00a0\u00a0\u00a0\u00a0\u00a0\u00a0\u00a0\u00a0\u00a0\u00a0\u00a0\u00a0\u00a0\u00a0 \u00a0 <\/b>T\u00e9cnica em Enfermagem<\/p>\n<p>CARLA MAIARA MUCHA<\/p>\n<p><b>\u00a0<\/b><b>\u00a0<\/b><\/p>\n<p>PRESIDENTE DA FUNDA\u00c7\u00c3O MUNICIPAL DE SA\u00daDE DE SANTA ROSA, 15 DE AGOSTO DE 2018.<\/p>\n<p>ANDERSON MANTEI<\/p>\n<p>Presidente da FUMSSAR<\/p>\n","protected":false},"excerpt":{"rendered":"<p>EDITAL DE CONVOCACAO 05.2018 EDITAL DE CONVOCA\u00c7\u00c3O N\u00ba 05\/2018 \u00a0\u00a0 O Presidente da Funda\u00e7\u00e3o Municipal&#8230;<\/p>\n","protected":false},"author":24,"featured_media":0,"comment_status":"open","ping_status":"open","sticky":false,"template":"","format":"standard","meta":{"footnotes":""},"categories":[2,56,54,1],"tags":[],"_links":{"self":[{"href":"https:\/\/www.fumssar.com.br\/index.php?rest_route=\/wp\/v2\/posts\/11616"}],"collection":[{"href":"https:\/\/www.fumssar.com.br\/index.php?rest_route=\/wp\/v2\/posts"}],"about":[{"href":"https:\/\/www.fumssar.com.br\/index.php?rest_route=\/wp\/v2\/types\/post"}],"author":[{"embeddable":true,"href":"https:\/\/www.fumssar.com.br\/index.php?rest_route=\/wp\/v2\/users\/24"}],"replies":[{"embeddable":true,"href":"https:\/\/www.fumssar.com.br\/index.php?rest_route=%2Fwp%2Fv2%2Fcomments&post=11616"}],"version-history":[{"count":3,"href":"https:\/\/www.fumssar.com.br\/index.php?rest_route=\/wp\/v2\/posts\/11616\/revisions"}],"predecessor-version":[{"id":11621,"href":"https:\/\/www.fumssar.com.br\/index.php?rest_route=\/wp\/v2\/posts\/11616\/revisions\/11621"}],"wp:attachment":[{"href":"https:\/\/www.fumssar.com.br\/index.php?rest_route=%2Fwp%2Fv2%2Fmedia&parent=11616"}],"wp:term":[{"taxonomy":"category","embeddable":true,"href":"https:\/\/www.fumssar.com.br\/index.php?rest_route=%2Fwp%2Fv2%2Fcategories&post=11616"},{"taxonomy":"post_tag","embeddable":true,"href":"https:\/\/www.fumssar.com.br\/index.php?rest_route=%2Fwp%2Fv2%2Ftags&post=11616"}],"curies":[{"name":"wp","href":"https:\/\/api.w.org\/{rel}","templated":true}]}}