{"id":11468,"date":"2018-07-12T14:01:02","date_gmt":"2018-07-12T17:01:02","guid":{"rendered":"http:\/\/www.fumssar.com.br\/?p=11468"},"modified":"2024-10-07T16:35:00","modified_gmt":"2024-10-07T19:35:00","slug":"fumssar-registra-mais-de-500-mil-atendimentos-nas-unidades-basicas-de-saude-em-2017","status":"publish","type":"post","link":"https:\/\/www.fumssar.com.br\/?p=11468","title":{"rendered":"FUMSSAR registra mais de 500 mil atendimentos nas Unidades B\u00e1sicas de Sa\u00fade em 2017"},"content":{"rendered":"<p>Na tarde de segunda-feira, 09, o presidente da Funda\u00e7\u00e3o Municipal de Sa\u00fade, Anderson Mantei, reuniu diretores da Funda\u00e7\u00e3o, secret\u00e1rios do Governo Municipal e o prefeito Alcides Vicini. Na oportunidade foi apresentado um balan\u00e7o dos programas do sistema de Gest\u00e3o da Funda\u00e7\u00e3o, atendimentos e metas referentes ao ano de 2017.<\/p>\n<p>Um dos destaques foi o n\u00famero de atendimentos na rede municipal, que ultrapassou os 500 mil: foram\u00a0<b>593<\/b>\u00a0mil atendimentos ambulatoriais, entre consultas m\u00e9dicas e exames. O presidente da Funda\u00e7\u00e3o, Anderson Mantei ressaltou o trabalho das equipes na \u00e1rea de preven\u00e7\u00e3o que incluem m\u00e9dico, enfermeiro, agentes comunit\u00e1rios de sa\u00fade e outros profissionais. \u201cNossa gest\u00e3o alinhada com o governo municipal tem empreendido grande esfor\u00e7o para contemplar todas as \u00e1reas de atendimento, desde o acolhimento nas UBSs, novo modelo que acabou com a distribui\u00e7\u00e3o de fichas, acompanhamento preventivo at\u00e9 procedimentos mais complexos, mas ainda precisamos avan\u00e7ar mais\u201d, afirmou o presidente.<\/p>\n<p>Outro dado importante foi o de combate ao mosquito transmissor da dengue (Aedes aegypti), que resultou em redu\u00e7\u00e3o de\u00a0<b>98%<\/b>\u00a0do n\u00famero de focos do mosquito e casos da doen\u00e7a.<\/p>\n<p>Outras a\u00e7\u00f5es tamb\u00e9m foram destacadas no balan\u00e7o como a compra de medicamentos e materiais, reformas nas unidades de sa\u00fade, inaugura\u00e7\u00e3o da nova Unidade B\u00e1sica de Sa\u00fade na Vila Agr\u00edcola, reestrutura\u00e7\u00e3o da vigil\u00e2ncia sanit\u00e1ria, campanhas de vacina\u00e7\u00e3o, apoio aos hospitais, UPA e SAMU e o transporte de pacientes.<\/p>\n<p>&nbsp;<\/p>\n<p>&nbsp;<\/p>\n","protected":false},"excerpt":{"rendered":"<p>Na tarde de segunda-feira, 09, o presidente da Funda\u00e7\u00e3o Municipal de Sa\u00fade, Anderson Mantei, reuniu&#8230;<\/p>\n","protected":false},"author":11,"featured_media":11469,"comment_status":"open","ping_status":"open","sticky":false,"template":"","format":"standard","meta":{"footnotes":""},"categories":[2],"tags":[],"_links":{"self":[{"href":"https:\/\/www.fumssar.com.br\/index.php?rest_route=\/wp\/v2\/posts\/11468"}],"collection":[{"href":"https:\/\/www.fumssar.com.br\/index.php?rest_route=\/wp\/v2\/posts"}],"about":[{"href":"https:\/\/www.fumssar.com.br\/index.php?rest_route=\/wp\/v2\/types\/post"}],"author":[{"embeddable":true,"href":"https:\/\/www.fumssar.com.br\/index.php?rest_route=\/wp\/v2\/users\/11"}],"replies":[{"embeddable":true,"href":"https:\/\/www.fumssar.com.br\/index.php?rest_route=%2Fwp%2Fv2%2Fcomments&post=11468"}],"version-history":[{"count":1,"href":"https:\/\/www.fumssar.com.br\/index.php?rest_route=\/wp\/v2\/posts\/11468\/revisions"}],"predecessor-version":[{"id":11470,"href":"https:\/\/www.fumssar.com.br\/index.php?rest_route=\/wp\/v2\/posts\/11468\/revisions\/11470"}],"wp:featuredmedia":[{"embeddable":true,"href":"https:\/\/www.fumssar.com.br\/index.php?rest_route=\/wp\/v2\/media\/11469"}],"wp:attachment":[{"href":"https:\/\/www.fumssar.com.br\/index.php?rest_route=%2Fwp%2Fv2%2Fmedia&parent=11468"}],"wp:term":[{"taxonomy":"category","embeddable":true,"href":"https:\/\/www.fumssar.com.br\/index.php?rest_route=%2Fwp%2Fv2%2Fcategories&post=11468"},{"taxonomy":"post_tag","embeddable":true,"href":"https:\/\/www.fumssar.com.br\/index.php?rest_route=%2Fwp%2Fv2%2Ftags&post=11468"}],"curies":[{"name":"wp","href":"https:\/\/api.w.org\/{rel}","templated":true}]}}