{"id":11461,"date":"2018-07-04T10:04:57","date_gmt":"2018-07-04T13:04:57","guid":{"rendered":"http:\/\/www.fumssar.com.br\/?p=11461"},"modified":"2024-10-07T16:35:00","modified_gmt":"2024-10-07T19:35:00","slug":"formacao-do-atendimento-educacional-especializado-aee","status":"publish","type":"post","link":"https:\/\/www.fumssar.com.br\/?p=11461","title":{"rendered":"FORMA\u00c7\u00c3O DO ATENDIMENTO EDUCACIONAL ESPECIALIZADO -AEE"},"content":{"rendered":"<p>Na manh\u00e3 do dia 20 de junho, professores do Atendimento Educacional Especializado &#8211; AEE da rede municipal e estadual, coordenadores das escolas municipais e diretores das escolas de educa\u00e7\u00e3o infantil participaram de mais uma forma\u00e7\u00e3o continuada.<br \/>\nO primeiro tema a ser abordado tratou das dificuldades de aprendizagem e transtornos de aprendizagem que atingem um n\u00famero elevado de crian\u00e7as nas nossas escolas, sejam elas municipais ou estaduais. A comunica\u00e7\u00e3o sobre esse tema ficou a cargo das fonoaudi\u00f3logas Bianca Dresch e Maribel Fachinetto da FUMSSAR, que destacaram a diferen\u00e7a entre dificuldades de aprendizagem e transtornos de aprendizagem e a forma como o profissional fonoaudi\u00f3logo trabalha com cada uma delas.<br \/>\nSegundo a coordenadora do AEE, Maril\u00fa Ester Rockenbach, da Secretaria de Desenvolvimento Educacional Especializado, 50 % dos alunos em avalia\u00e7\u00e3o no Atendimento Educacional Especializado apresentam algum tipo de dificuldade de aprendizagem ou transtorno de aprendizagem e n\u00e3o apresentam defici\u00eancia.<br \/>\nO segundo tema abordado foi Distrofia Muscular de Durchenner. O tema foi destacado pelo fisioterapeuta Rafael Iagher que faz parte do Movimento Duchenner. Rafael sinalizou que a Distrofia de Duchenner acomete os meninos e as meninas podem carregar a muta\u00e7\u00e3o que causa a doen\u00e7a e manifestar alguns sintomas mais leves do que os meninos. A Distrofia de Duchenner causa fraqueza dos m\u00fasculos e evolui para dificuldades motoras como caminhar, correr e, nos est\u00e1gios mais avan\u00e7ados, causa dificuldades para respirar e necessidade de ajuda para realizar atividades da vida di\u00e1ria como colocar a roupa, comer e escovar os dentes.<br \/>\nAlgumas professoras do AEE, embasadas pela experi\u00eancia, destacaram que h\u00e1 muitas d\u00favidas sobre como ocorre o desenvolvimento das crian\u00e7as que apresentam a Distrofia de Duchenner, principalmente em rela\u00e7\u00e3o \u00e0 aprendizagem e \u00e0s adapta\u00e7\u00f5es que necessita essa crian\u00e7a.<\/p>\n<p>&#8211;Fonte: ASCOM &#8211; Prefeitura Municipal<\/p>\n<p>&nbsp;<\/p>\n","protected":false},"excerpt":{"rendered":"<p>Na manh\u00e3 do dia 20 de junho, professores do Atendimento Educacional Especializado &#8211; AEE da&#8230;<\/p>\n","protected":false},"author":11,"featured_media":11462,"comment_status":"open","ping_status":"open","sticky":false,"template":"","format":"standard","meta":{"footnotes":""},"categories":[2],"tags":[],"_links":{"self":[{"href":"https:\/\/www.fumssar.com.br\/index.php?rest_route=\/wp\/v2\/posts\/11461"}],"collection":[{"href":"https:\/\/www.fumssar.com.br\/index.php?rest_route=\/wp\/v2\/posts"}],"about":[{"href":"https:\/\/www.fumssar.com.br\/index.php?rest_route=\/wp\/v2\/types\/post"}],"author":[{"embeddable":true,"href":"https:\/\/www.fumssar.com.br\/index.php?rest_route=\/wp\/v2\/users\/11"}],"replies":[{"embeddable":true,"href":"https:\/\/www.fumssar.com.br\/index.php?rest_route=%2Fwp%2Fv2%2Fcomments&post=11461"}],"version-history":[{"count":1,"href":"https:\/\/www.fumssar.com.br\/index.php?rest_route=\/wp\/v2\/posts\/11461\/revisions"}],"predecessor-version":[{"id":11463,"href":"https:\/\/www.fumssar.com.br\/index.php?rest_route=\/wp\/v2\/posts\/11461\/revisions\/11463"}],"wp:featuredmedia":[{"embeddable":true,"href":"https:\/\/www.fumssar.com.br\/index.php?rest_route=\/wp\/v2\/media\/11462"}],"wp:attachment":[{"href":"https:\/\/www.fumssar.com.br\/index.php?rest_route=%2Fwp%2Fv2%2Fmedia&parent=11461"}],"wp:term":[{"taxonomy":"category","embeddable":true,"href":"https:\/\/www.fumssar.com.br\/index.php?rest_route=%2Fwp%2Fv2%2Fcategories&post=11461"},{"taxonomy":"post_tag","embeddable":true,"href":"https:\/\/www.fumssar.com.br\/index.php?rest_route=%2Fwp%2Fv2%2Ftags&post=11461"}],"curies":[{"name":"wp","href":"https:\/\/api.w.org\/{rel}","templated":true}]}}