{"id":11442,"date":"2018-06-21T10:25:44","date_gmt":"2018-06-21T13:25:44","guid":{"rendered":"http:\/\/www.fumssar.com.br\/?p=11442"},"modified":"2024-10-07T16:35:01","modified_gmt":"2024-10-07T19:35:01","slug":"fumssar-repassou-ambulancias-para-o-samu","status":"publish","type":"post","link":"https:\/\/www.fumssar.com.br\/?p=11442","title":{"rendered":"FUMSSAR repassou ambul\u00e2ncias para O SAMU"},"content":{"rendered":"<p>Em um ato realizado na manh\u00e3 de quarta-feira, 20 a Funda\u00e7\u00e3o Municipal de Sa\u00fade de Santa Rosa- FUMSSAR realizou a entrega de duas novas ambul\u00e2ncias para o Servi\u00e7o de Atendimento M\u00f3vel de Urg\u00eancia- SAMU.<\/p>\n<p>Os dois ve\u00edculos Sprinter foram entregues ao Hospital Vida&amp; Sa\u00fade que \u00e9 o prestador dos servi\u00e7os e tiveram um custo de R$ 172.000,00 cada financiadas, \u00a0pelo Minist\u00e9rio da Sa\u00fade.\u00a0 O presidente da FUMSSAR, Anderson Mantei destacou a import\u00e2ncia da aquisi\u00e7\u00e3o dos ve\u00edculos que segundo ele foi uma articula\u00e7\u00e3o da FUMSSAR e do Hospital junto ao minist\u00e9rio e que ir\u00e3o qualificar ainda mais os servi\u00e7os prestados.<\/p>\n<p>O prefeito Alcides Vicini parabenizou as duas institui\u00e7\u00f5es pela articula\u00e7\u00e3o que viabilizaram as duas ambul\u00e2ncia.\u00a0 Al\u00e9m de autoridades locais e regionais participaram do ato de entrega lideran\u00e7as,servidores e prestadores de servi\u00e7os.<\/p>\n<p><a href=\"http:\/\/www.fumssar.com.br\/wp-content\/uploads\/2018\/06\/samu-hj.jpg\"><img loading=\"lazy\" decoding=\"async\" class=\"alignnone size-medium wp-image-11444\" alt=\"samu hj\" src=\"http:\/\/www.fumssar.com.br\/wp-content\/uploads\/2018\/06\/samu-hj-300x199.jpg\" width=\"300\" height=\"199\" srcset=\"https:\/\/www.fumssar.com.br\/wp-content\/uploads\/2018\/06\/samu-hj-300x199.jpg 300w, https:\/\/www.fumssar.com.br\/wp-content\/uploads\/2018\/06\/samu-hj.jpg 800w\" sizes=\"(max-width: 300px) 100vw, 300px\" \/><\/a><\/p>\n","protected":false},"excerpt":{"rendered":"<p>Em um ato realizado na manh\u00e3 de quarta-feira, 20 a Funda\u00e7\u00e3o Municipal de Sa\u00fade de&#8230;<\/p>\n","protected":false},"author":11,"featured_media":11443,"comment_status":"open","ping_status":"open","sticky":false,"template":"","format":"standard","meta":{"footnotes":""},"categories":[2],"tags":[],"_links":{"self":[{"href":"https:\/\/www.fumssar.com.br\/index.php?rest_route=\/wp\/v2\/posts\/11442"}],"collection":[{"href":"https:\/\/www.fumssar.com.br\/index.php?rest_route=\/wp\/v2\/posts"}],"about":[{"href":"https:\/\/www.fumssar.com.br\/index.php?rest_route=\/wp\/v2\/types\/post"}],"author":[{"embeddable":true,"href":"https:\/\/www.fumssar.com.br\/index.php?rest_route=\/wp\/v2\/users\/11"}],"replies":[{"embeddable":true,"href":"https:\/\/www.fumssar.com.br\/index.php?rest_route=%2Fwp%2Fv2%2Fcomments&post=11442"}],"version-history":[{"count":1,"href":"https:\/\/www.fumssar.com.br\/index.php?rest_route=\/wp\/v2\/posts\/11442\/revisions"}],"predecessor-version":[{"id":11445,"href":"https:\/\/www.fumssar.com.br\/index.php?rest_route=\/wp\/v2\/posts\/11442\/revisions\/11445"}],"wp:featuredmedia":[{"embeddable":true,"href":"https:\/\/www.fumssar.com.br\/index.php?rest_route=\/wp\/v2\/media\/11443"}],"wp:attachment":[{"href":"https:\/\/www.fumssar.com.br\/index.php?rest_route=%2Fwp%2Fv2%2Fmedia&parent=11442"}],"wp:term":[{"taxonomy":"category","embeddable":true,"href":"https:\/\/www.fumssar.com.br\/index.php?rest_route=%2Fwp%2Fv2%2Fcategories&post=11442"},{"taxonomy":"post_tag","embeddable":true,"href":"https:\/\/www.fumssar.com.br\/index.php?rest_route=%2Fwp%2Fv2%2Ftags&post=11442"}],"curies":[{"name":"wp","href":"https:\/\/api.w.org\/{rel}","templated":true}]}}