{"id":11373,"date":"2018-05-30T17:03:24","date_gmt":"2018-05-30T20:03:24","guid":{"rendered":"http:\/\/www.fumssar.com.br\/?p=11373"},"modified":"2024-10-07T16:35:01","modified_gmt":"2024-10-07T19:35:01","slug":"31-de-maio-dia-mundial-sem-tabaco","status":"publish","type":"post","link":"https:\/\/www.fumssar.com.br\/?p=11373","title":{"rendered":"31 de Maio  &#8221; Dia Mundial Sem Tabaco&#8221;"},"content":{"rendered":"<div>\n<p>31 de maio \u00e9 O Dia Mundial sem Tabaco<\/p>\n<\/div>\n<p>Fique sabendo&#8230;<\/p>\n<p>O tabagismo \u00e9 considerado pela Organiza\u00e7\u00e3o Mundial da Sa\u00fade a principal causa de morte e 2018, evit\u00e1vel no mundo. Estima-se que 2 bilh\u00f5es de pessoas sejam fumantes, sendo que 47% do sexo masculino e 12 % do sexo feminino. (INCA \u2013 2018)<\/p>\n<p>No Brasil o tabagismo \u00e9 respons\u00e1vel por cerca de 200 mil mortes no ano. Os C\u00e2nceres de Pulm\u00e3o e laringe s\u00e3o os que mais matam. O tabagismo passivo \u00e9 respons\u00e1vel por pelo menos 07 mortes di\u00e1rias. O Brasil tem preju\u00edzo anual de R$ 56,9 bilh\u00f5es com o tabagismo. Desse total, R$ 39,4 bilh\u00f5es s\u00e3o gastos com despesas medicas e R$ 17,5 bilh\u00f5es com custos indiretos ligados a perda de produtividade, causada por incapacita\u00e7\u00e3o de trabalhadores ou morte prematura. (INCA2018).<\/p>\n<p>Em Santa Rosa segundo dados da Vigil\u00e2ncia Epidemiol\u00f3gica da Fumssar, em 2017 foram registrados 112 casos de \u00f3bito por c\u00e2ncer, sendo 15 por neoplasia maligna de taqueia, br\u00f4nquios e pulm\u00e3o doen\u00e7as, onde o tabagismo \u00e9 considerado um fator de risco.<\/p>\n<p>Segundo a Diretora da Aten\u00e7\u00e3o Primaria a Sa\u00fade da FUMSSAR Alice Klein Hofferber o combate e preven\u00e7\u00e3o ao tabagismo \u00e9 oferecido no SUS, em Santa Rosa est\u00e1 institu\u00edda a Pol\u00edtica Municipal de Combate ao Tabagismo (PMCT), oferece o tratamento atrav\u00e9s das Unidades de Sa\u00fade, e do Centro de Atendimento Psicossocial \u00c1lcool e Drogas \u2013 CAPS AD, O tratamento \u00e9 realizado por equipes multidisciplinares, atrav\u00e9s de grupos com abordagem cognitivo comportamental e interven\u00e7\u00e3o medicamentosa a partir da avalia\u00e7\u00e3o cl\u00ednica de cada participante. No ano de 2017 foram realizados 26 grupos de combate ao tabagismo com um total de 218 participantes, destes 63 reduziram o uso de tabaco e 72 pararam de usar o tabaco. Resultado este muito satisfat\u00f3rio, uma vez que estamos falando de uma depend\u00eancia cr\u00f4nica causa uma doen\u00e7a que altera o sistema nervoso central do usu\u00e1rio, modifica seu estado emocional, comportamental e f\u00edsico, ressaltam os coordenadores da PMCT, Marcia Quinsani e Carlos Mantei.<\/p>\n<p>Anderson Mantei destaca que nos \u00faltimos anos vem se desenvolvendo a\u00e7\u00f5es educativas de comunica\u00e7\u00e3o e aten\u00e7\u00e3o \u00e0 sa\u00fade associadas a medidas legislativas e econ\u00f4micas. O que juntamente com a promo\u00e7\u00e3o e preven\u00e7\u00e3o local desenvolvida pelos profissionais de sa\u00fade traz respostas positivas a sa\u00fade p\u00fablica.<\/p>\n<p>&nbsp;<\/p>\n","protected":false},"excerpt":{"rendered":"<p>31 de maio \u00e9 O Dia Mundial sem Tabaco Fique sabendo&#8230; O tabagismo \u00e9 considerado&#8230;<\/p>\n","protected":false},"author":11,"featured_media":11375,"comment_status":"open","ping_status":"open","sticky":false,"template":"","format":"standard","meta":{"footnotes":""},"categories":[2],"tags":[],"_links":{"self":[{"href":"https:\/\/www.fumssar.com.br\/index.php?rest_route=\/wp\/v2\/posts\/11373"}],"collection":[{"href":"https:\/\/www.fumssar.com.br\/index.php?rest_route=\/wp\/v2\/posts"}],"about":[{"href":"https:\/\/www.fumssar.com.br\/index.php?rest_route=\/wp\/v2\/types\/post"}],"author":[{"embeddable":true,"href":"https:\/\/www.fumssar.com.br\/index.php?rest_route=\/wp\/v2\/users\/11"}],"replies":[{"embeddable":true,"href":"https:\/\/www.fumssar.com.br\/index.php?rest_route=%2Fwp%2Fv2%2Fcomments&post=11373"}],"version-history":[{"count":1,"href":"https:\/\/www.fumssar.com.br\/index.php?rest_route=\/wp\/v2\/posts\/11373\/revisions"}],"predecessor-version":[{"id":11376,"href":"https:\/\/www.fumssar.com.br\/index.php?rest_route=\/wp\/v2\/posts\/11373\/revisions\/11376"}],"wp:featuredmedia":[{"embeddable":true,"href":"https:\/\/www.fumssar.com.br\/index.php?rest_route=\/wp\/v2\/media\/11375"}],"wp:attachment":[{"href":"https:\/\/www.fumssar.com.br\/index.php?rest_route=%2Fwp%2Fv2%2Fmedia&parent=11373"}],"wp:term":[{"taxonomy":"category","embeddable":true,"href":"https:\/\/www.fumssar.com.br\/index.php?rest_route=%2Fwp%2Fv2%2Fcategories&post=11373"},{"taxonomy":"post_tag","embeddable":true,"href":"https:\/\/www.fumssar.com.br\/index.php?rest_route=%2Fwp%2Fv2%2Ftags&post=11373"}],"curies":[{"name":"wp","href":"https:\/\/api.w.org\/{rel}","templated":true}]}}