{"id":11339,"date":"2018-05-21T17:06:46","date_gmt":"2018-05-21T20:06:46","guid":{"rendered":"http:\/\/www.fumssar.com.br\/?p=11339"},"modified":"2024-10-07T16:35:01","modified_gmt":"2024-10-07T19:35:01","slug":"presidente-da-fumssar-e-diretores-vistoriam-obra-do-cerest","status":"publish","type":"post","link":"https:\/\/www.fumssar.com.br\/?p=11339","title":{"rendered":"Presidente da FUMSSAR e Diretores vistoriam obra do CEREST"},"content":{"rendered":"<p>Na manh\u00e3 de segunda-feira, 21 o presidente da FUMSSAR Anderson Mantei acompanhado dos diretores Ademir Rosa e Rog\u00e9rio Silva Santos\u00a0 acompanhados\u00a0 pelo arquiteto Marcos Cartana e da engenheira Caliandra Perini, estiveram\u00a0 vistoriando a obra da nova sede do Centro regional especializado em Sa\u00fade do Trabalhador-CEREST.<\/p>\n<p>A obra est\u00e1 em fase final e deve ficar conclu\u00edda no pr\u00f3ximo m\u00eas, tendo uma \u00e1rea de cerca de 1200 metros quadrados, situada\u00a0 na Rua Boa Vista ao lado do Centro Administrativo da FUMSSAR .<\/p>\n<p>O Presidente Anderson Mantei destacou que \u00e9 um empreendimento muito importante pois ir\u00e1 qualificar ainda mais o atendimento do CEREST e tamb\u00e9m ir\u00e1 abrigar a Assist\u00eancia Farmac\u00eautica. Mantei frisou ainda que aos poucos os servi\u00e7os especializados de sa\u00fade est\u00e3o ficando concentrados na regi\u00e3o da FUMSSAR.<\/p>\n<p>&nbsp;<\/p>\n<p>&nbsp;<\/p>\n","protected":false},"excerpt":{"rendered":"<p>Na manh\u00e3 de segunda-feira, 21 o presidente da FUMSSAR Anderson Mantei acompanhado dos diretores Ademir&#8230;<\/p>\n","protected":false},"author":11,"featured_media":11340,"comment_status":"open","ping_status":"open","sticky":false,"template":"","format":"standard","meta":{"footnotes":""},"categories":[2],"tags":[],"_links":{"self":[{"href":"https:\/\/www.fumssar.com.br\/index.php?rest_route=\/wp\/v2\/posts\/11339"}],"collection":[{"href":"https:\/\/www.fumssar.com.br\/index.php?rest_route=\/wp\/v2\/posts"}],"about":[{"href":"https:\/\/www.fumssar.com.br\/index.php?rest_route=\/wp\/v2\/types\/post"}],"author":[{"embeddable":true,"href":"https:\/\/www.fumssar.com.br\/index.php?rest_route=\/wp\/v2\/users\/11"}],"replies":[{"embeddable":true,"href":"https:\/\/www.fumssar.com.br\/index.php?rest_route=%2Fwp%2Fv2%2Fcomments&post=11339"}],"version-history":[{"count":1,"href":"https:\/\/www.fumssar.com.br\/index.php?rest_route=\/wp\/v2\/posts\/11339\/revisions"}],"predecessor-version":[{"id":11341,"href":"https:\/\/www.fumssar.com.br\/index.php?rest_route=\/wp\/v2\/posts\/11339\/revisions\/11341"}],"wp:featuredmedia":[{"embeddable":true,"href":"https:\/\/www.fumssar.com.br\/index.php?rest_route=\/wp\/v2\/media\/11340"}],"wp:attachment":[{"href":"https:\/\/www.fumssar.com.br\/index.php?rest_route=%2Fwp%2Fv2%2Fmedia&parent=11339"}],"wp:term":[{"taxonomy":"category","embeddable":true,"href":"https:\/\/www.fumssar.com.br\/index.php?rest_route=%2Fwp%2Fv2%2Fcategories&post=11339"},{"taxonomy":"post_tag","embeddable":true,"href":"https:\/\/www.fumssar.com.br\/index.php?rest_route=%2Fwp%2Fv2%2Ftags&post=11339"}],"curies":[{"name":"wp","href":"https:\/\/api.w.org\/{rel}","templated":true}]}}