{"id":11212,"date":"2018-04-25T17:11:46","date_gmt":"2018-04-25T20:11:46","guid":{"rendered":"http:\/\/www.fumssar.com.br\/?p=11212"},"modified":"2024-10-07T16:35:03","modified_gmt":"2024-10-07T19:35:03","slug":"profissionais-da-saude-sao-capacitados-para-combater-a-sifilis","status":"publish","type":"post","link":"https:\/\/www.fumssar.com.br\/?p=11212","title":{"rendered":"Profissionais da sa\u00fade s\u00e3o capacitados para combater a S\u00edfilis"},"content":{"rendered":"<p>A FUMSSAR em conjunto com a 14\u00aa Coordenadoria Regional de Sa\u00fade, atrav\u00e9s do Comit\u00ea de Transmiss\u00e3o Vertical da regi\u00e3o de abrang\u00eancia da 14\u00aaCRS ,realizam capacita\u00e7\u00f5es aos profissionais de sa\u00fade no combate a S\u00edfilis que acontecem em dois momentos; no dia 12 de abril, para Santa Rosa e regi\u00e3o, \u00a0e nos dias 8 e 9 de maio ser\u00e1 \u00a0para os profissionais da aten\u00e7\u00e3o b\u00e1sica da FUMSSAR. O evento ocorre no \u00a0N\u00facleo de Ensino e Pesquisa- NEP para m\u00e9dicos e enfermeiros que atuam na aten\u00e7\u00e3o b\u00e1sica dos munic\u00edpios. Segundo a Diretora Alice Hofferber h\u00e1 necessidade \u00a0de aprimorar os conhecimentos dos profissionais de sa\u00fade, diante da crescente demanda de pessoas com s\u00edfilis em todo territ\u00f3rio brasileiro. Embora a transmiss\u00e3o vertical de s\u00edfilis seja 100% previnivel, este problema continua sendo um grande desafio na sa\u00fade p\u00fablica, com graves consequ\u00eancias, como \u00f3bito infantil, aborto e natimortalidade ou sequelas \u00e0 crian\u00e7a, como defici\u00eancia visual, auditiva, f\u00edsica e mental, precisando ser enfrentado de forma austera. Durante a capacita\u00e7\u00e3o foi discutido Diagnostico, notifica\u00e7\u00e3o, e tratamento de s\u00edfilis cong\u00eanita, s\u00edfilis em gestantes e parceiros. Em Santa Rosa vem sendo desenvolvidas a\u00e7\u00f5es de preven\u00e7\u00e3o nas unidades de sa\u00fade, SAE, CEREST com testes r\u00e1pidos palestras e demais trabalhos educativos.<\/p>\n<p>Anderson Mantei destaca que \u00e9 essencial\u00a0que os profissionais de sa\u00fade recebam conhecimento e incentivo para um diagn\u00f3stico precoce, com \u00a0tratamento adequado e oportuno dos casos diagnosticados, reafirma a import\u00e2ncia da preven\u00e7\u00e3o e de constantes qualifica\u00e7\u00f5es em busca de estrat\u00e9gias para melhoria dos indicadores de sa\u00fade do nosso munic\u00edpio e regi\u00e3o.<\/p>\n","protected":false},"excerpt":{"rendered":"<p>A FUMSSAR em conjunto com a 14\u00aa Coordenadoria Regional de Sa\u00fade, atrav\u00e9s do Comit\u00ea de&#8230;<\/p>\n","protected":false},"author":11,"featured_media":11213,"comment_status":"open","ping_status":"open","sticky":false,"template":"","format":"standard","meta":{"footnotes":""},"categories":[2],"tags":[],"_links":{"self":[{"href":"https:\/\/www.fumssar.com.br\/index.php?rest_route=\/wp\/v2\/posts\/11212"}],"collection":[{"href":"https:\/\/www.fumssar.com.br\/index.php?rest_route=\/wp\/v2\/posts"}],"about":[{"href":"https:\/\/www.fumssar.com.br\/index.php?rest_route=\/wp\/v2\/types\/post"}],"author":[{"embeddable":true,"href":"https:\/\/www.fumssar.com.br\/index.php?rest_route=\/wp\/v2\/users\/11"}],"replies":[{"embeddable":true,"href":"https:\/\/www.fumssar.com.br\/index.php?rest_route=%2Fwp%2Fv2%2Fcomments&post=11212"}],"version-history":[{"count":1,"href":"https:\/\/www.fumssar.com.br\/index.php?rest_route=\/wp\/v2\/posts\/11212\/revisions"}],"predecessor-version":[{"id":11214,"href":"https:\/\/www.fumssar.com.br\/index.php?rest_route=\/wp\/v2\/posts\/11212\/revisions\/11214"}],"wp:featuredmedia":[{"embeddable":true,"href":"https:\/\/www.fumssar.com.br\/index.php?rest_route=\/wp\/v2\/media\/11213"}],"wp:attachment":[{"href":"https:\/\/www.fumssar.com.br\/index.php?rest_route=%2Fwp%2Fv2%2Fmedia&parent=11212"}],"wp:term":[{"taxonomy":"category","embeddable":true,"href":"https:\/\/www.fumssar.com.br\/index.php?rest_route=%2Fwp%2Fv2%2Fcategories&post=11212"},{"taxonomy":"post_tag","embeddable":true,"href":"https:\/\/www.fumssar.com.br\/index.php?rest_route=%2Fwp%2Fv2%2Ftags&post=11212"}],"curies":[{"name":"wp","href":"https:\/\/api.w.org\/{rel}","templated":true}]}}