{"id":11180,"date":"2018-04-23T17:20:03","date_gmt":"2018-04-23T20:20:03","guid":{"rendered":"http:\/\/www.fumssar.com.br\/?p=11180"},"modified":"2024-10-07T16:35:03","modified_gmt":"2024-10-07T19:35:03","slug":"inaugurado-o-novo-predio-da-unidade-de-saude-agricola","status":"publish","type":"post","link":"https:\/\/www.fumssar.com.br\/?p=11180","title":{"rendered":"Inaugurado o novo Pr\u00e9dio da Unidade de Sa\u00fade Agr\u00edcola"},"content":{"rendered":"<div>\n<div>\n<p>Inaugurado o novo Pr\u00e9dio da Unidade de Sa\u00fade Agr\u00edcola<\/p>\n<\/div>\n<p>&nbsp;<\/p>\n<p>Entregue pela FUMSSAR e o Governo Municipal o novo pr\u00e9dio da Unidade B\u00e1sica de Sa\u00fade Agr\u00edcola.<\/p>\n<p>O ato ocorreu na manh\u00e3 de segunda-feira, 23 e contou com a presen\u00e7a de lideran\u00e7as, autoridades, servidores e \u00a0demais pessoas da comunidade. \u00a0O pr\u00e9dio com 500 metros de constru\u00e7\u00e3o ir\u00e1 abrigar a unidade num ambiente amplo e moderno\u00a0 com um \u00a0investimento\u00a0 foi de R$ 600.000,00 com verbas federais e do munic\u00edpio.<\/p>\n<p>O Prefeito Alcides Vicini destacou que as novas instala\u00e7\u00f5es s\u00e3o as mais modernas do Pa\u00eds e que o bairro Agr\u00edcola foi comtemplado com uma edifica\u00e7\u00e3o de qualidade para a presta\u00e7\u00e3o de um servi\u00e7o ainda mais qualificado.<\/p>\n<p>O Presidente da FUMSSAR Anderson Mantei frisou em seu pronunciamento que \u00e9 um momento muito importante para o bairro e para os servidores da Unidade que passar\u00e3o a contar com \u00a0um ambiente mais qualificado, desta forma com atendimento mais humanizado. Ele destacou ainda a dedica\u00e7\u00e3o da equipe que trabalhou durante todo o final de semana\u00a0 na mudan\u00e7a e adapta\u00e7\u00e3o da unidade sem preju\u00edzo no atendimento aos usu\u00e1rios.<\/p>\n<p>&nbsp;<\/p>\n<p><a href=\"http:\/\/www.fumssar.com.br\/wp-content\/uploads\/2018\/04\/agricola-inaugura-2.jpg\"><img loading=\"lazy\" decoding=\"async\" class=\"alignnone size-medium wp-image-11182\" alt=\"agricola inaugura 2\" src=\"http:\/\/www.fumssar.com.br\/wp-content\/uploads\/2018\/04\/agricola-inaugura-2-300x199.jpg\" width=\"300\" height=\"199\" srcset=\"https:\/\/www.fumssar.com.br\/wp-content\/uploads\/2018\/04\/agricola-inaugura-2-300x199.jpg 300w, https:\/\/www.fumssar.com.br\/wp-content\/uploads\/2018\/04\/agricola-inaugura-2.jpg 800w\" sizes=\"(max-width: 300px) 100vw, 300px\" \/><\/a><a href=\"http:\/\/www.fumssar.com.br\/wp-content\/uploads\/2018\/04\/agricoola-inaugura-3.jpg\"><img loading=\"lazy\" decoding=\"async\" class=\"alignnone size-medium wp-image-11183\" alt=\"agricoola inaugura 3\" src=\"http:\/\/www.fumssar.com.br\/wp-content\/uploads\/2018\/04\/agricoola-inaugura-3-300x200.jpg\" width=\"300\" height=\"200\" srcset=\"https:\/\/www.fumssar.com.br\/wp-content\/uploads\/2018\/04\/agricoola-inaugura-3-300x200.jpg 300w, https:\/\/www.fumssar.com.br\/wp-content\/uploads\/2018\/04\/agricoola-inaugura-3-1024x682.jpg 1024w\" sizes=\"(max-width: 300px) 100vw, 300px\" \/><\/a><\/p>\n<\/div>\n<p>&nbsp;<\/p>\n","protected":false},"excerpt":{"rendered":"<p>Inaugurado o novo Pr\u00e9dio da Unidade de Sa\u00fade Agr\u00edcola &nbsp; Entregue pela FUMSSAR e o&#8230;<\/p>\n","protected":false},"author":11,"featured_media":11181,"comment_status":"open","ping_status":"open","sticky":false,"template":"","format":"standard","meta":{"footnotes":""},"categories":[2],"tags":[],"_links":{"self":[{"href":"https:\/\/www.fumssar.com.br\/index.php?rest_route=\/wp\/v2\/posts\/11180"}],"collection":[{"href":"https:\/\/www.fumssar.com.br\/index.php?rest_route=\/wp\/v2\/posts"}],"about":[{"href":"https:\/\/www.fumssar.com.br\/index.php?rest_route=\/wp\/v2\/types\/post"}],"author":[{"embeddable":true,"href":"https:\/\/www.fumssar.com.br\/index.php?rest_route=\/wp\/v2\/users\/11"}],"replies":[{"embeddable":true,"href":"https:\/\/www.fumssar.com.br\/index.php?rest_route=%2Fwp%2Fv2%2Fcomments&post=11180"}],"version-history":[{"count":1,"href":"https:\/\/www.fumssar.com.br\/index.php?rest_route=\/wp\/v2\/posts\/11180\/revisions"}],"predecessor-version":[{"id":11184,"href":"https:\/\/www.fumssar.com.br\/index.php?rest_route=\/wp\/v2\/posts\/11180\/revisions\/11184"}],"wp:featuredmedia":[{"embeddable":true,"href":"https:\/\/www.fumssar.com.br\/index.php?rest_route=\/wp\/v2\/media\/11181"}],"wp:attachment":[{"href":"https:\/\/www.fumssar.com.br\/index.php?rest_route=%2Fwp%2Fv2%2Fmedia&parent=11180"}],"wp:term":[{"taxonomy":"category","embeddable":true,"href":"https:\/\/www.fumssar.com.br\/index.php?rest_route=%2Fwp%2Fv2%2Fcategories&post=11180"},{"taxonomy":"post_tag","embeddable":true,"href":"https:\/\/www.fumssar.com.br\/index.php?rest_route=%2Fwp%2Fv2%2Ftags&post=11180"}],"curies":[{"name":"wp","href":"https:\/\/api.w.org\/{rel}","templated":true}]}}