{"id":11164,"date":"2018-04-16T17:12:47","date_gmt":"2018-04-16T20:12:47","guid":{"rendered":"http:\/\/www.fumssar.com.br\/?p=11164"},"modified":"2024-10-07T16:35:03","modified_gmt":"2024-10-07T19:35:03","slug":"novos-veiculos-para-a-fumssar","status":"publish","type":"post","link":"https:\/\/www.fumssar.com.br\/?p=11164","title":{"rendered":"Novos ve\u00edculos para a FUMSSAR"},"content":{"rendered":"<p>Entregues na manh\u00e3 de segunda-feira, 16 tr\u00eas novos ve\u00edculos para integrar a frota da Funda\u00e7\u00e3o Municipal de Sa\u00fade de Santa Rosa-FUMSSAR.<\/p>\n<p>Foram adquiridos uma Van com capacidade para 18 pessoas, um Ford Focus e um Ford KA, num cerca de R$ 350.000,00 de recursos \u00a0vinculados. Segundo o presidente da FUMSSAR, Anderson Mantei destacou que\u00a0 a aquisi\u00e7\u00e3o dos ve\u00edculos faz parte de um plano de renova\u00e7\u00e3o da frota e ir\u00e1 permitir mais seguran\u00e7a e conforto para os usu\u00e1rios do SUS, bem como para os servidores motoristas. \u201c Conforme o planejamento e com seguran\u00e7a na aplica\u00e7\u00e3o dos recursos vamos renovar nossa frota em breve teremos mais ve\u00edculos\u201d. Saliento Anderson destacando ainda que todos os servi\u00e7os ofertados devem ser humanizados.<\/p>\n<p>O Prefeito Alcides Vicini\u00a0 frisou que mesmo com a falta de recursos devido a crise financeira os servi\u00e7os tem tido mais ofertas tendo em vista a boa gest\u00e3o realizada pela equipe da FUMSSAR comandadas por Anderson que\u00a0 aplicam os recursos de forma correta e segura.<\/p>\n<p>Participaram do ato\u00a0 que foi realizado nas depend\u00eancias da FUMSSAR autoridades, lideran\u00e7as servidores e pessoas da comunidade.<a href=\"http:\/\/www.fumssar.com.br\/wp-content\/uploads\/2018\/04\/entrega-veiculos-tres.jpg\"><img loading=\"lazy\" decoding=\"async\" class=\"alignnone size-medium wp-image-11166\" alt=\"entrega veiculos tres\" src=\"http:\/\/www.fumssar.com.br\/wp-content\/uploads\/2018\/04\/entrega-veiculos-tres-300x199.jpg\" width=\"300\" height=\"199\" srcset=\"https:\/\/www.fumssar.com.br\/wp-content\/uploads\/2018\/04\/entrega-veiculos-tres-300x199.jpg 300w, https:\/\/www.fumssar.com.br\/wp-content\/uploads\/2018\/04\/entrega-veiculos-tres.jpg 800w\" sizes=\"(max-width: 300px) 100vw, 300px\" \/><\/a><\/p>\n","protected":false},"excerpt":{"rendered":"<p>Entregues na manh\u00e3 de segunda-feira, 16 tr\u00eas novos ve\u00edculos para integrar a frota da Funda\u00e7\u00e3o&#8230;<\/p>\n","protected":false},"author":11,"featured_media":11165,"comment_status":"open","ping_status":"open","sticky":false,"template":"","format":"standard","meta":{"footnotes":""},"categories":[2],"tags":[],"_links":{"self":[{"href":"https:\/\/www.fumssar.com.br\/index.php?rest_route=\/wp\/v2\/posts\/11164"}],"collection":[{"href":"https:\/\/www.fumssar.com.br\/index.php?rest_route=\/wp\/v2\/posts"}],"about":[{"href":"https:\/\/www.fumssar.com.br\/index.php?rest_route=\/wp\/v2\/types\/post"}],"author":[{"embeddable":true,"href":"https:\/\/www.fumssar.com.br\/index.php?rest_route=\/wp\/v2\/users\/11"}],"replies":[{"embeddable":true,"href":"https:\/\/www.fumssar.com.br\/index.php?rest_route=%2Fwp%2Fv2%2Fcomments&post=11164"}],"version-history":[{"count":1,"href":"https:\/\/www.fumssar.com.br\/index.php?rest_route=\/wp\/v2\/posts\/11164\/revisions"}],"predecessor-version":[{"id":11167,"href":"https:\/\/www.fumssar.com.br\/index.php?rest_route=\/wp\/v2\/posts\/11164\/revisions\/11167"}],"wp:featuredmedia":[{"embeddable":true,"href":"https:\/\/www.fumssar.com.br\/index.php?rest_route=\/wp\/v2\/media\/11165"}],"wp:attachment":[{"href":"https:\/\/www.fumssar.com.br\/index.php?rest_route=%2Fwp%2Fv2%2Fmedia&parent=11164"}],"wp:term":[{"taxonomy":"category","embeddable":true,"href":"https:\/\/www.fumssar.com.br\/index.php?rest_route=%2Fwp%2Fv2%2Fcategories&post=11164"},{"taxonomy":"post_tag","embeddable":true,"href":"https:\/\/www.fumssar.com.br\/index.php?rest_route=%2Fwp%2Fv2%2Ftags&post=11164"}],"curies":[{"name":"wp","href":"https:\/\/api.w.org\/{rel}","templated":true}]}}