{"id":1113,"date":"2014-03-18T17:34:41","date_gmt":"2014-03-18T17:34:41","guid":{"rendered":"http:\/\/www.fumssar.com.br\/?p=1113"},"modified":"2024-10-07T16:36:21","modified_gmt":"2024-10-07T19:36:21","slug":"santa-rosa-nao-possui-caso-de-dengue-autoctone-confirmado-porem-os-indices-de-infestacao-por-aedes-sao-altos","status":"publish","type":"post","link":"https:\/\/www.fumssar.com.br\/?p=1113","title":{"rendered":"Santa Rosa N\u00e3o possui caso de Dengue Aut\u00f3ctone confirmado, Por\u00e9m os \u00cdndices de Infesta\u00e7\u00e3o por Aedes s\u00e3o Altos"},"content":{"rendered":"<p>A Vigil\u00e2ncia em Sa\u00fade de Santa Rosa com o apoio da 14\u00aa Coordenadoria Regional de Sa\u00fade, concluiu nesta segunda-feira, (17) o LIRAa (Levantamento R\u00e1pido de \u00cdndices de Infesta\u00e7\u00e3o por Aedes Aegypti) que visa atender o previsto no Plano Nacional de Combate a Dengue do Minist\u00e9rio da Sa\u00fade. Os n\u00fameros apontam para um ALTO RISCO diante de um percentual de Infesta\u00e7\u00e3o Predial do Munic\u00edpio de 11,7%, sendo que o considerado satisfat\u00f3rio pelo Minist\u00e9rio da Sa\u00fade \u00e9 de at\u00e9 um 1% .<\/p>\n<p>\u00a0\u00a0\u00a0\u00a0\u00a0\u00a0\u00a0\u00a0\u00a0\u00a0\u00a0 Segundo a Gerente de Vigil\u00e2ncia em Sa\u00fade, M\u00e1rdiori Watthier \u201capenas de nos depararmos com \u00edndices t\u00e3o elevados, Santa Rosa n\u00e3o possui nenhum caso aut\u00f3ctone confirmado\u201d. O setor apresentou dados atualizados quanto aos suspeitos, tendo sido notificados at\u00e9 o momento 26, destes 20 foram descartados, 05 permanecem em an\u00e1lise e 01 confirmado, caso considerado importado por ser paciente morador de Ubiretama\u00a0 que veio em busca de tratamento em Santa Rosa. Segundo o Presidente da FUMSSAR, Dr. Luis Ant\u00f4nio Benvegn\u00fa mesmo com um esfor\u00e7o intenso da vigil\u00e2ncia, a comunidade precisa estar ciente que\u00a0 o melhor caminho para diminuir a infesta\u00e7\u00e3o, s\u00e3o aqueles cuidados b\u00e1sicos nas resid\u00eancias.<\/p>\n<p>&nbsp;<\/p>\n","protected":false},"excerpt":{"rendered":"<p>A Vigil\u00e2ncia em Sa\u00fade de Santa Rosa com o apoio da 14\u00aa Coordenadoria Regional de&#8230;<\/p>\n","protected":false},"author":11,"featured_media":1114,"comment_status":"open","ping_status":"open","sticky":false,"template":"","format":"standard","meta":{"footnotes":""},"categories":[2],"tags":[],"_links":{"self":[{"href":"https:\/\/www.fumssar.com.br\/index.php?rest_route=\/wp\/v2\/posts\/1113"}],"collection":[{"href":"https:\/\/www.fumssar.com.br\/index.php?rest_route=\/wp\/v2\/posts"}],"about":[{"href":"https:\/\/www.fumssar.com.br\/index.php?rest_route=\/wp\/v2\/types\/post"}],"author":[{"embeddable":true,"href":"https:\/\/www.fumssar.com.br\/index.php?rest_route=\/wp\/v2\/users\/11"}],"replies":[{"embeddable":true,"href":"https:\/\/www.fumssar.com.br\/index.php?rest_route=%2Fwp%2Fv2%2Fcomments&post=1113"}],"version-history":[{"count":2,"href":"https:\/\/www.fumssar.com.br\/index.php?rest_route=\/wp\/v2\/posts\/1113\/revisions"}],"predecessor-version":[{"id":1116,"href":"https:\/\/www.fumssar.com.br\/index.php?rest_route=\/wp\/v2\/posts\/1113\/revisions\/1116"}],"wp:featuredmedia":[{"embeddable":true,"href":"https:\/\/www.fumssar.com.br\/index.php?rest_route=\/wp\/v2\/media\/1114"}],"wp:attachment":[{"href":"https:\/\/www.fumssar.com.br\/index.php?rest_route=%2Fwp%2Fv2%2Fmedia&parent=1113"}],"wp:term":[{"taxonomy":"category","embeddable":true,"href":"https:\/\/www.fumssar.com.br\/index.php?rest_route=%2Fwp%2Fv2%2Fcategories&post=1113"},{"taxonomy":"post_tag","embeddable":true,"href":"https:\/\/www.fumssar.com.br\/index.php?rest_route=%2Fwp%2Fv2%2Ftags&post=1113"}],"curies":[{"name":"wp","href":"https:\/\/api.w.org\/{rel}","templated":true}]}}