{"id":11125,"date":"2018-04-06T16:36:30","date_gmt":"2018-04-06T19:36:30","guid":{"rendered":"http:\/\/www.fumssar.com.br\/?p=11125"},"modified":"2024-10-07T16:35:04","modified_gmt":"2024-10-07T19:35:04","slug":"dia-7-de-abril-dia-mundial-da-saude","status":"publish","type":"post","link":"https:\/\/www.fumssar.com.br\/?p=11125","title":{"rendered":"DIA 7 DE ABRIL DIA MUNDIAL DA SA\u00daDE"},"content":{"rendered":"<p>O\u00a0<b>Dia Mundial da Sa\u00fade<\/b>\u00a0\u00e9 comemorado no dia\u00a0<b>7 de Abril<\/b>, e tem como objetivo a conscientiza\u00e7\u00e3o da popula\u00e7\u00e3o sobre as quest\u00f5es que afetam a sa\u00fade e a qualidade de vida das pessoas.<\/p>\n<p>A dia 7 de Abril foi escolhida como o Dia Mundial da Sa\u00fade, tamb\u00e9m conhecida como Dia Internacional da Sa\u00fade, pois \u00e9 a mesma data da cria\u00e7\u00e3o da Organiza\u00e7\u00e3o Mundial da Sa\u00fade, \u00f3rg\u00e3o ligado a ONU, respons\u00e1vel pela orienta\u00e7\u00e3o, acompanhamento e regula\u00e7\u00e3o de regras da sa\u00fade nas Na\u00e7\u00f5es Unidas.<\/p>\n<p>A Dire\u00e7\u00e3o da FUMSSAR\u00a0 mesmo que no dia a dia em suas unidades trata a preven\u00e7\u00e3o como uma de suas prioridades, alerta a popula\u00e7\u00e3o previna-se de doen\u00e7as, pratique exerc\u00edcios, realize exames procure as unidades b\u00e1sicas.<\/p>\n<p>&nbsp;<\/p>\n<p>&nbsp;<\/p>\n<p><a href=\"http:\/\/www.fumssar.com.br\/wp-content\/uploads\/2018\/04\/saude-e-bem-estar.jpg\"><img loading=\"lazy\" decoding=\"async\" class=\"alignnone size-medium wp-image-11126\" alt=\"saude e bem estar\" src=\"http:\/\/www.fumssar.com.br\/wp-content\/uploads\/2018\/04\/saude-e-bem-estar-300x300.jpg\" width=\"300\" height=\"300\" srcset=\"https:\/\/www.fumssar.com.br\/wp-content\/uploads\/2018\/04\/saude-e-bem-estar-300x300.jpg 300w, https:\/\/www.fumssar.com.br\/wp-content\/uploads\/2018\/04\/saude-e-bem-estar-150x150.jpg 150w, https:\/\/www.fumssar.com.br\/wp-content\/uploads\/2018\/04\/saude-e-bem-estar.jpg 430w\" sizes=\"(max-width: 300px) 100vw, 300px\" \/><\/a><\/p>\n<p>(imagem ilustrativa-fonte Google)<\/p>\n","protected":false},"excerpt":{"rendered":"<p>O\u00a0Dia Mundial da Sa\u00fade\u00a0\u00e9 comemorado no dia\u00a07 de Abril, e tem como objetivo a conscientiza\u00e7\u00e3o&#8230;<\/p>\n","protected":false},"author":11,"featured_media":10992,"comment_status":"open","ping_status":"open","sticky":false,"template":"","format":"standard","meta":{"footnotes":""},"categories":[2],"tags":[],"_links":{"self":[{"href":"https:\/\/www.fumssar.com.br\/index.php?rest_route=\/wp\/v2\/posts\/11125"}],"collection":[{"href":"https:\/\/www.fumssar.com.br\/index.php?rest_route=\/wp\/v2\/posts"}],"about":[{"href":"https:\/\/www.fumssar.com.br\/index.php?rest_route=\/wp\/v2\/types\/post"}],"author":[{"embeddable":true,"href":"https:\/\/www.fumssar.com.br\/index.php?rest_route=\/wp\/v2\/users\/11"}],"replies":[{"embeddable":true,"href":"https:\/\/www.fumssar.com.br\/index.php?rest_route=%2Fwp%2Fv2%2Fcomments&post=11125"}],"version-history":[{"count":1,"href":"https:\/\/www.fumssar.com.br\/index.php?rest_route=\/wp\/v2\/posts\/11125\/revisions"}],"predecessor-version":[{"id":11127,"href":"https:\/\/www.fumssar.com.br\/index.php?rest_route=\/wp\/v2\/posts\/11125\/revisions\/11127"}],"wp:featuredmedia":[{"embeddable":true,"href":"https:\/\/www.fumssar.com.br\/index.php?rest_route=\/wp\/v2\/media\/10992"}],"wp:attachment":[{"href":"https:\/\/www.fumssar.com.br\/index.php?rest_route=%2Fwp%2Fv2%2Fmedia&parent=11125"}],"wp:term":[{"taxonomy":"category","embeddable":true,"href":"https:\/\/www.fumssar.com.br\/index.php?rest_route=%2Fwp%2Fv2%2Fcategories&post=11125"},{"taxonomy":"post_tag","embeddable":true,"href":"https:\/\/www.fumssar.com.br\/index.php?rest_route=%2Fwp%2Fv2%2Ftags&post=11125"}],"curies":[{"name":"wp","href":"https:\/\/api.w.org\/{rel}","templated":true}]}}