{"id":11117,"date":"2018-04-04T14:57:27","date_gmt":"2018-04-04T17:57:27","guid":{"rendered":"http:\/\/www.fumssar.com.br\/?p=11117"},"modified":"2018-04-19T08:44:18","modified_gmt":"2018-04-19T11:44:18","slug":"chamamento-publico-022018-proteses-auditivas","status":"publish","type":"post","link":"https:\/\/www.fumssar.com.br\/?p=11117","title":{"rendered":"Chamamento P\u00fablico 02\/2018 &#8211; Pr\u00f3teses Auditivas"},"content":{"rendered":"<p><b>\u00a0<\/b><b>EXTRATO DE EDITAL DE CHAMAMENTO P\u00daBLICO N\u00ba 02\/2018<\/b><\/p>\n<p><b><\/b><b>CONTRATANTE: <\/b>FUNDA\u00c7\u00c3O MUNICIPAL DE SA\u00daDE DE SANTA ROSA &#8211; FUMSSAR<\/p>\n<p><b>OBJETO: <\/b><b>CREDENCIAMENTO DE EMPRESAS PARA O FORNECIMENTO DE PR\u00d3TESES AUDITIVAS PARA O CENTRO ESPECIALIZADO EM REABILITA\u00c7\u00c3O II (AUDITIVA E INTELECTUAL) \u2013 CER II<\/b><\/p>\n<p><b>VALOR CONTRATADO: <\/b>Conforme Tabela SUS.<\/p>\n<p><b>PER\u00cdODO PARA CREDENCIAMENTO:<\/b> <strong>06 a 27\/04\/2018;<\/strong><\/p>\n<p><b>FUNDAMENTO LEGAL: <\/b>Constitui\u00e7\u00e3o Federal, arts. 196 a 200, da Lei Federal n\u00ba 8.080\/90, da Portaria do Mist\u00e9rio da Sa\u00fade n\u00ba 1.286\/93 e da Lei Federal n\u00ba 8.666\/93.<\/p>\n<p><a href=\"http:\/\/www.fumssar.com.br\/wp-content\/uploads\/2018\/04\/Edital-de-Chamamento-P\u00fablico-n\u00ba-02.2018-REVISADO.pdf\">Edital de Chamamento P\u00fablico n\u00ba 02.2018<\/a><\/p>\n<p>EDITAL DE ALTERA\u00c7\u00c3O\u00a0<a href=\"http:\/\/www.fumssar.com.br\/wp-content\/uploads\/2018\/04\/Edital-de-Chamamento-P\u00fablico-n\u00ba-02.2018-REVISADO1.pdf\">Edital de Chamamento P\u00fablico n\u00ba 02.2018 REVISADO<\/a><\/p>\n<p>&nbsp;<\/p>\n","protected":false},"excerpt":{"rendered":"<p>\u00a0EXTRATO DE EDITAL DE CHAMAMENTO P\u00daBLICO N\u00ba 02\/2018 CONTRATANTE: FUNDA\u00c7\u00c3O MUNICIPAL DE SA\u00daDE DE SANTA&#8230;<\/p>\n","protected":false},"author":7,"featured_media":0,"comment_status":"open","ping_status":"open","sticky":false,"template":"","format":"standard","meta":{"footnotes":""},"categories":[102],"tags":[],"_links":{"self":[{"href":"https:\/\/www.fumssar.com.br\/index.php?rest_route=\/wp\/v2\/posts\/11117"}],"collection":[{"href":"https:\/\/www.fumssar.com.br\/index.php?rest_route=\/wp\/v2\/posts"}],"about":[{"href":"https:\/\/www.fumssar.com.br\/index.php?rest_route=\/wp\/v2\/types\/post"}],"author":[{"embeddable":true,"href":"https:\/\/www.fumssar.com.br\/index.php?rest_route=\/wp\/v2\/users\/7"}],"replies":[{"embeddable":true,"href":"https:\/\/www.fumssar.com.br\/index.php?rest_route=%2Fwp%2Fv2%2Fcomments&post=11117"}],"version-history":[{"count":3,"href":"https:\/\/www.fumssar.com.br\/index.php?rest_route=\/wp\/v2\/posts\/11117\/revisions"}],"predecessor-version":[{"id":11174,"href":"https:\/\/www.fumssar.com.br\/index.php?rest_route=\/wp\/v2\/posts\/11117\/revisions\/11174"}],"wp:attachment":[{"href":"https:\/\/www.fumssar.com.br\/index.php?rest_route=%2Fwp%2Fv2%2Fmedia&parent=11117"}],"wp:term":[{"taxonomy":"category","embeddable":true,"href":"https:\/\/www.fumssar.com.br\/index.php?rest_route=%2Fwp%2Fv2%2Fcategories&post=11117"},{"taxonomy":"post_tag","embeddable":true,"href":"https:\/\/www.fumssar.com.br\/index.php?rest_route=%2Fwp%2Fv2%2Ftags&post=11117"}],"curies":[{"name":"wp","href":"https:\/\/api.w.org\/{rel}","templated":true}]}}