{"id":11109,"date":"2018-04-03T14:35:19","date_gmt":"2018-04-03T17:35:19","guid":{"rendered":"http:\/\/www.fumssar.com.br\/?p=11109"},"modified":"2024-10-07T16:35:04","modified_gmt":"2024-10-07T19:35:04","slug":"nota-informativa-012018-vigilancia-epidemiologicafumssar-data-29032018","status":"publish","type":"post","link":"https:\/\/www.fumssar.com.br\/?p=11109","title":{"rendered":"NOTA INFORMATIVA 01\/2018 \u2013 Vigilancia Epidemiol\u00f3gica\/FUMSSAR  Data: 29\/03\/2018"},"content":{"rendered":"<p align=\"center\"><b>NOTA INFORMATIVA 01\/2018 \u2013 Vigilancia Epidemiol\u00f3gica\/FUMSSAR<\/b><\/p>\n<p align=\"center\"><b>Data: 29\/03\/2018<\/b><\/p>\n<p align=\"center\">\n<p>\u00a0\u00a0\u00a0\u00a0\u00a0\u00a0\u00a0\u00a0\u00a0\u00a0\u00a0 A meningococcemia \u00e9 uma doen\u00e7a bacteriana com grau de letalidade alto, que tem inicio e evolu\u00e7\u00e3o muito r\u00e1pida, causando infec\u00e7\u00e3o generalizada do paciente. \u00c9 causada por uma bact\u00e9ria, a <i>Neisseria meningitidis<\/i> (meningococo), que tamb\u00e9m pode causar meningite. Esta bact\u00e9ria possui diversos sorogrupos. Um deles \u00e9 o Meningococo C, para o qual existe vacina dispon\u00edvel para crian\u00e7as e adolescentes, disponibilizadas no Calendario Nacional de Vacina\u00e7\u00e3o.<\/p>\n<p>A transmiss\u00e3o ocorre atrav\u00e9s do contato direto e prolongado de pessoa a pessoa, por meio de secre\u00e7\u00f5es respirat\u00f3rias de pessoas infectadas, assintom\u00e1ticas ou doentes.<\/p>\n<p>Os sinais e sintomas da doen\u00e7a s\u00e3o: febre alta, cefaleia, v\u00f4mitos, rigidez de nuca, altera\u00e7\u00e3o do\u00a0 estado mental, palidez, pet\u00e9quias e\/ou sufus\u00f5es hemorr\u00e1gicas entre outros.<\/p>\n<p><b>\u00a0\u00a0\u00a0\u00a0\u00a0\u00a0\u00a0\u00a0\u00a0\u00a0\u00a0 <\/b><\/p>\n<p><b>\u00a0\u00a0\u00a0\u00a0\u00a0\u00a0\u00a0\u00a0\u00a0\u00a0\u00a0 Recomenda\u00e7\u00f5es <\/b><\/p>\n<ul>\n<li>Todos casos com sinais e sintomas da doen\u00e7a dever\u00e3o procurar assist\u00eancia m\u00e9dica imediatamente e devem ser notificados \u00e0 Vigil\u00e2ncia Epidemiol\u00f3gica municipal para o desencadeamento das medidas de controle pertinentes;<\/li>\n<li>Refor\u00e7ar e divulgar as medidas n\u00e3o farmacol\u00f3gicas como: lavagem das m\u00e3os, etiqueta respirat\u00f3ria e ventilar os ambientes;<\/li>\n<li>N\u00e3o h\u00e1 indica\u00e7\u00e3o de fechar estabelecimentos, escolas e creches\u00a0 frente a ocorr\u00eancia de casos;<\/li>\n<li>\u00c9 importante esclarecer que a quimioprofilaxia est\u00e1 indicada somente para contatos pr\u00f3ximos e que o contato seja prolongado. Para a quimioprofilaxia, utiliza-se\u00a0 antibi\u00f3ticos preconizados nos Protocolos do Minist\u00e9rio da Sa\u00fade<\/li>\n<\/ul>\n<p>&nbsp;<\/p>\n<table cellspacing=\"0\" cellpadding=\"0\">\n<tbody>\n<tr>\n<td width=\"581\" height=\"114\">\n<table width=\"100%\" cellspacing=\"0\" cellpadding=\"0\">\n<tbody>\n<tr>\n<td>\n<div>\n<p>&nbsp;<\/p>\n<p align=\"center\">Contatos pr\u00f3ximos s\u00e3o os moradores do mesmo domic\u00edlio, indiv\u00edduos que compartilham o mesmo dormit\u00f3rio, e pessoas diretamente expostas \u00e0s secre\u00e7\u00f5es do paciente.<\/p>\n<p align=\"center\">\n<\/div>\n<\/td>\n<\/tr>\n<\/tbody>\n<\/table>\n<\/td>\n<\/tr>\n<\/tbody>\n<\/table>\n<p>&nbsp;<\/p>\n<p>&nbsp;<\/p>\n<p>&nbsp;<\/p>\n<p>&nbsp;<\/p>\n<p align=\"center\">\n","protected":false},"excerpt":{"rendered":"<p>NOTA INFORMATIVA 01\/2018 \u2013 Vigilancia Epidemiol\u00f3gica\/FUMSSAR Data: 29\/03\/2018 \u00a0\u00a0\u00a0\u00a0\u00a0\u00a0\u00a0\u00a0\u00a0\u00a0\u00a0 A meningococcemia \u00e9 uma doen\u00e7a bacteriana&#8230;<\/p>\n","protected":false},"author":11,"featured_media":10992,"comment_status":"open","ping_status":"open","sticky":false,"template":"","format":"standard","meta":{"footnotes":""},"categories":[2],"tags":[],"_links":{"self":[{"href":"https:\/\/www.fumssar.com.br\/index.php?rest_route=\/wp\/v2\/posts\/11109"}],"collection":[{"href":"https:\/\/www.fumssar.com.br\/index.php?rest_route=\/wp\/v2\/posts"}],"about":[{"href":"https:\/\/www.fumssar.com.br\/index.php?rest_route=\/wp\/v2\/types\/post"}],"author":[{"embeddable":true,"href":"https:\/\/www.fumssar.com.br\/index.php?rest_route=\/wp\/v2\/users\/11"}],"replies":[{"embeddable":true,"href":"https:\/\/www.fumssar.com.br\/index.php?rest_route=%2Fwp%2Fv2%2Fcomments&post=11109"}],"version-history":[{"count":1,"href":"https:\/\/www.fumssar.com.br\/index.php?rest_route=\/wp\/v2\/posts\/11109\/revisions"}],"predecessor-version":[{"id":11110,"href":"https:\/\/www.fumssar.com.br\/index.php?rest_route=\/wp\/v2\/posts\/11109\/revisions\/11110"}],"wp:featuredmedia":[{"embeddable":true,"href":"https:\/\/www.fumssar.com.br\/index.php?rest_route=\/wp\/v2\/media\/10992"}],"wp:attachment":[{"href":"https:\/\/www.fumssar.com.br\/index.php?rest_route=%2Fwp%2Fv2%2Fmedia&parent=11109"}],"wp:term":[{"taxonomy":"category","embeddable":true,"href":"https:\/\/www.fumssar.com.br\/index.php?rest_route=%2Fwp%2Fv2%2Fcategories&post=11109"},{"taxonomy":"post_tag","embeddable":true,"href":"https:\/\/www.fumssar.com.br\/index.php?rest_route=%2Fwp%2Fv2%2Ftags&post=11109"}],"curies":[{"name":"wp","href":"https:\/\/api.w.org\/{rel}","templated":true}]}}