{"id":11087,"date":"2018-03-28T16:23:26","date_gmt":"2018-03-28T19:23:26","guid":{"rendered":"http:\/\/www.fumssar.com.br\/?p=11087"},"modified":"2024-10-07T16:35:04","modified_gmt":"2024-10-07T19:35:04","slug":"ampliacao-de-servicos-de-especialidades-na-area-da-saude-publica-em-santa-rosa","status":"publish","type":"post","link":"https:\/\/www.fumssar.com.br\/?p=11087","title":{"rendered":"Amplia\u00e7\u00e3o de servi\u00e7os de  especialidades na \u00e1rea da sa\u00fade p\u00fablica em Santa Rosa"},"content":{"rendered":"<p>A FUMSSAR e O Hospital Vida &amp; Sa\u00fade assinaram na manh\u00e3 de quarta-feira, 28 um termo aditivo prevendo a amplia\u00e7\u00e3o de servi\u00e7os \u00a0especializados na sa\u00fade p\u00fablica do munic\u00edpio.<\/p>\n<p>A partir de agora os usu\u00e1rios passar\u00e3o a contar com\u00a0 servi\u00e7os de endocrinologia, Cabe\u00e7a e Pesco\u00e7o e Gastro Clinica\u00a0 que n\u00e3o eram\u00a0 ofertados em Santa Rosa, e\u00a0 para utilizar estes servi\u00e7os as pessoas se deslocavam para outros \u00a0munic\u00edpios. Tamb\u00e9m foi ampliado \u00a0o servi\u00e7o de cirurgia vascular.<\/p>\n<p>Anderson Mantei presidente da FUMSSAR destacou que foram feitos ajustes no contrato que permitiram ainda melhorar outros servi\u00e7os dentre eles Cirurgias Tor\u00e1cica, que antes a refer\u00eancia era em Porto Alegre, aumentando tamb\u00e9m atendimentos em oncologia cl\u00ednica e a contrata\u00e7\u00e3o de mias um m\u00e9dico radiologista. Anderson\u00a0 ressaltou que a amplia\u00e7\u00e3o dos servi\u00e7os ir\u00e1 encurta dist\u00e2ncia para os usu\u00e1rios que n\u00e3o precisar\u00e3o mais sair de Santa Rosa bem como reduzir custos com viagens e deslocamentos. O presidente enalteceu a parceria do Hospital Vida&amp; Sa\u00fade que presta um atendimento de qualidade e seguro aos usu\u00e1rios do SUS.<\/p>\n<p>O Prefeito Alcides Vicini elogiou a gest\u00e3o da FUMSSAR que em \u00e9pocas de crise realiza muito com poucos recursos. O prefeito disse ainda que Santa Rosa tem uma sa\u00fade de qualidade com pessoas e institui\u00e7\u00f5es dedicadas na presta\u00e7\u00e3o de um servi\u00e7o p\u00fablico de qualidade \u00e0 popula\u00e7\u00e3o.<\/p>\n<p>Al\u00e9m do Prefeito, do Presidente da FUMSSAR, O Presidente do Vida&amp;Sa\u00fade Rubens Zamberlam rec\u00e9m empossado participou do ato, que contou tamb\u00e9m com a presen\u00e7a de outras autoridades e lideran\u00e7as pol\u00edticas e da comunidade,<\/p>\n","protected":false},"excerpt":{"rendered":"<p>A FUMSSAR e O Hospital Vida &amp; Sa\u00fade assinaram na manh\u00e3 de quarta-feira, 28 um&#8230;<\/p>\n","protected":false},"author":11,"featured_media":11088,"comment_status":"open","ping_status":"open","sticky":false,"template":"","format":"standard","meta":{"footnotes":""},"categories":[2],"tags":[],"_links":{"self":[{"href":"https:\/\/www.fumssar.com.br\/index.php?rest_route=\/wp\/v2\/posts\/11087"}],"collection":[{"href":"https:\/\/www.fumssar.com.br\/index.php?rest_route=\/wp\/v2\/posts"}],"about":[{"href":"https:\/\/www.fumssar.com.br\/index.php?rest_route=\/wp\/v2\/types\/post"}],"author":[{"embeddable":true,"href":"https:\/\/www.fumssar.com.br\/index.php?rest_route=\/wp\/v2\/users\/11"}],"replies":[{"embeddable":true,"href":"https:\/\/www.fumssar.com.br\/index.php?rest_route=%2Fwp%2Fv2%2Fcomments&post=11087"}],"version-history":[{"count":1,"href":"https:\/\/www.fumssar.com.br\/index.php?rest_route=\/wp\/v2\/posts\/11087\/revisions"}],"predecessor-version":[{"id":11089,"href":"https:\/\/www.fumssar.com.br\/index.php?rest_route=\/wp\/v2\/posts\/11087\/revisions\/11089"}],"wp:featuredmedia":[{"embeddable":true,"href":"https:\/\/www.fumssar.com.br\/index.php?rest_route=\/wp\/v2\/media\/11088"}],"wp:attachment":[{"href":"https:\/\/www.fumssar.com.br\/index.php?rest_route=%2Fwp%2Fv2%2Fmedia&parent=11087"}],"wp:term":[{"taxonomy":"category","embeddable":true,"href":"https:\/\/www.fumssar.com.br\/index.php?rest_route=%2Fwp%2Fv2%2Fcategories&post=11087"},{"taxonomy":"post_tag","embeddable":true,"href":"https:\/\/www.fumssar.com.br\/index.php?rest_route=%2Fwp%2Fv2%2Ftags&post=11087"}],"curies":[{"name":"wp","href":"https:\/\/api.w.org\/{rel}","templated":true}]}}