{"id":10996,"date":"2018-03-16T14:16:34","date_gmt":"2018-03-16T17:16:34","guid":{"rendered":"http:\/\/www.fumssar.com.br\/?p=10996"},"modified":"2024-10-07T16:35:05","modified_gmt":"2024-10-07T19:35:05","slug":"caps-comemora-10-anos-de-atividades","status":"publish","type":"post","link":"https:\/\/www.fumssar.com.br\/?p=10996","title":{"rendered":"CAPS comemora 10 anos de atividades"},"content":{"rendered":"<p>O CAPS ll \u00a0Novo Rumo estar\u00e1 completando durante este m\u00eas de mar\u00e7o estar\u00e1 completando 10 anos de atividades no munic\u00edpio de Santa Rosa.<\/p>\n<p>Atualmente o CAPS funciona como refer\u00eancia para a rede de Aten\u00e7\u00e3o B\u00e1sica \u00a0e sa\u00fade mental do munic\u00edpio, promovendo a integralidade do tratamento aos usu\u00e1rios portadores de sofrimento mental, atrav\u00e9s de um atendimento qualificado buscando a inser\u00e7\u00e3o da fam\u00edlia, reduzindo interna\u00e7\u00f5es hospitalares e viabilizando a reabilita\u00e7\u00e3o social do indiv\u00edduo. Atualmente o servi\u00e7o conta a seguinte equipe de trabalho: duas psic\u00f3logas, uma enfermeira, uma m\u00e9dica, duas t\u00e9cnicas de enfermagem, uma assistente social, um terapeuta ocupacional, uma servi\u00e7os gerais, um estagi\u00e1rio do CIEE, al\u00e9m de estagi\u00e1rios de psicologia e Servi\u00e7o Social.<\/p>\n<p>A equipe do CAPS tem articulado a capacita\u00e7\u00e3o das equipes de aten\u00e7\u00e3o b\u00e1sica, servi\u00e7os e programas de sa\u00fade mental no munic\u00edpio, garantindo desta forma um atendimento qualificado e resolutivo do usu\u00e1rio de sa\u00fade mental. Neste sentido, tem buscado elaborar e implementar o \u00a0Plano Terap\u00eautico Individual para todos os usu\u00e1rios vinculados ao CAPS, como forma de monitoramento da proposta terap\u00eautica.<\/p>\n<p>Complementando a proposta de trabalho, o CAPS visa identificar novos usu\u00e1rios com perfil para atendimento; acompanhar e realizar a discuss\u00e3o dos pacientes j\u00e1 encaminhados pelas unidades e demais servi\u00e7os; intensificar o trabalho intersetorial e interinstitucional; reuni\u00e3o com os setores da Prefeitura Municipal como a Assist\u00eancia Social e com entidades como: APAE e Conselho Tutelar, al\u00e9m de organiza\u00e7\u00f5es educacionais e sociais.<\/p>\n<p>Al\u00e9m disso, a equipe se prop\u00f5e a divulgar a proposta de trabalho e os resultados obtidos, utilizando a m\u00eddia para divulga\u00e7\u00e3o. Participa\u00e7\u00e3o em eventos sociais, culturais e educativos realizados pela comunidade, como forma de ampliar as atividades de inclus\u00e3o social, viabilizar a proposta de gera\u00e7\u00e3o de renda como est\u00edmulo a sua ocupa\u00e7\u00e3o e eleva\u00e7\u00e3o da autoestima.<\/p>\n<p>Para\u00a0 marcar \u00a0os dez anos diversas atividades\u00a0 ser\u00e3o realizadas no decorrer do m\u00eas inclusive o Festival da Can\u00e7\u00e3o com os pr\u00f3prios usu\u00e1rios.<\/p>\n","protected":false},"excerpt":{"rendered":"<p>O CAPS ll \u00a0Novo Rumo estar\u00e1 completando durante este m\u00eas de mar\u00e7o estar\u00e1 completando 10&#8230;<\/p>\n","protected":false},"author":11,"featured_media":10997,"comment_status":"open","ping_status":"open","sticky":false,"template":"","format":"standard","meta":{"footnotes":""},"categories":[2],"tags":[],"_links":{"self":[{"href":"https:\/\/www.fumssar.com.br\/index.php?rest_route=\/wp\/v2\/posts\/10996"}],"collection":[{"href":"https:\/\/www.fumssar.com.br\/index.php?rest_route=\/wp\/v2\/posts"}],"about":[{"href":"https:\/\/www.fumssar.com.br\/index.php?rest_route=\/wp\/v2\/types\/post"}],"author":[{"embeddable":true,"href":"https:\/\/www.fumssar.com.br\/index.php?rest_route=\/wp\/v2\/users\/11"}],"replies":[{"embeddable":true,"href":"https:\/\/www.fumssar.com.br\/index.php?rest_route=%2Fwp%2Fv2%2Fcomments&post=10996"}],"version-history":[{"count":1,"href":"https:\/\/www.fumssar.com.br\/index.php?rest_route=\/wp\/v2\/posts\/10996\/revisions"}],"predecessor-version":[{"id":10998,"href":"https:\/\/www.fumssar.com.br\/index.php?rest_route=\/wp\/v2\/posts\/10996\/revisions\/10998"}],"wp:featuredmedia":[{"embeddable":true,"href":"https:\/\/www.fumssar.com.br\/index.php?rest_route=\/wp\/v2\/media\/10997"}],"wp:attachment":[{"href":"https:\/\/www.fumssar.com.br\/index.php?rest_route=%2Fwp%2Fv2%2Fmedia&parent=10996"}],"wp:term":[{"taxonomy":"category","embeddable":true,"href":"https:\/\/www.fumssar.com.br\/index.php?rest_route=%2Fwp%2Fv2%2Fcategories&post=10996"},{"taxonomy":"post_tag","embeddable":true,"href":"https:\/\/www.fumssar.com.br\/index.php?rest_route=%2Fwp%2Fv2%2Ftags&post=10996"}],"curies":[{"name":"wp","href":"https:\/\/api.w.org\/{rel}","templated":true}]}}