{"id":10994,"date":"2018-03-14T17:15:35","date_gmt":"2018-03-14T20:15:35","guid":{"rendered":"http:\/\/www.fumssar.com.br\/?p=10994"},"modified":"2024-10-07T16:35:05","modified_gmt":"2024-10-07T19:35:05","slug":"nota-de-esclarecimento-sobre-vacinas","status":"publish","type":"post","link":"https:\/\/www.fumssar.com.br\/?p=10994","title":{"rendered":"Nota de Esclarecimento sobre Vacinas"},"content":{"rendered":"<p align=\"center\">Nota de Esclarecimento sobre Vacinas<\/p>\n<p>&nbsp;<\/p>\n<p>A Fumssar, atrav\u00e9s da Vigil\u00e2ncia Epidemiol\u00f3gica, recebeu o pedido mensal de vacinas completo<strong>\u00a0exceto<\/strong>\u00a0a pentavalente. Hoje estamos somente com a pentavalente em falta, que \u00e9 aplicada aos 2,4 e seis meses, podendo ser aplicada at\u00e9 os 7 anos de idade incompletos. \u00c9 importante salientar que nestes casos, tecnicamente n\u00e3o h\u00e1 contraindica\u00e7\u00e3o de aplicar a vacina com atraso, no entanto, n\u00e3o \u00e9 o recomendado. Pois a\u00a0imunidade adequada s\u00f3 ser\u00e1 alcan\u00e7ada com o calend\u00e1rio vacinal completo. Sendo assim, t\u00e3o logo que recebermos as vacinas da 14\u00aa Coordenadoria Regional de Sa\u00fade, faremos a divulga\u00e7\u00e3o para o chamamento das crian\u00e7as que est\u00e3o aguardando pelas doses. As demais vacinas, por precau\u00e7\u00e3o, iremos manter a organiza\u00e7\u00e3o de aplica\u00e7\u00e3o nas unidades b\u00e1sicas de sa\u00fade, j\u00e1 operacionalizada e divulgada. Salientamos que conforme a Lei Federal N\u00ba 6.259 de 30 de outubro de 1975 e a\u00a0portaria N\u00ba 1.498 de 19 de julho 2013, que organiza e regulamenta toda a Pol\u00edtica Nacional de Vacina\u00e7\u00e3o da popula\u00e7\u00e3o brasileira, no artigo 5\u00ba da portaria acima citada, o Minist\u00e9rio da Sa\u00fade \u00e9 respons\u00e1vel pela aquisi\u00e7\u00e3o e pelo fornecimento das vacinas preconizadas nos calend\u00e1rios nacionais de vacina\u00e7\u00e3o, tamb\u00e9m disp\u00f5e nesta portaria sobre as responsabilidades t\u00e9cnicas que envolvem o processo de vacina\u00e7\u00e3o. Portanto, as Unidades B\u00e1sicas de Sa\u00fade somente est\u00e3o autorizadas a realizar vacinas que s\u00e3o fornecidas pelo Minist\u00e9rio da Sa\u00fade.<\/p>\n<p>&nbsp;<\/p>\n<p align=\"center\">\n<p align=\"center\">Alice Noeli Klein Hofferber<\/p>\n<p align=\"center\">Diretora do Departamento de Gest\u00e3o<\/p>\n<p align=\"center\">Em Aten\u00e7\u00e3o Prim\u00e1ria \u00e0 Sa\u00fade<\/p>\n<p align=\"center\">FUMSSAR<\/p>\n<p align=\"center\">\n<p align=\"center\">\n<p align=\"center\">Santa Rosa RS, 13 de mar\u00e7o 2018<\/p>\n","protected":false},"excerpt":{"rendered":"<p>Nota de Esclarecimento sobre Vacinas &nbsp; A Fumssar, atrav\u00e9s da Vigil\u00e2ncia Epidemiol\u00f3gica, recebeu o pedido&#8230;<\/p>\n","protected":false},"author":11,"featured_media":10992,"comment_status":"open","ping_status":"open","sticky":false,"template":"","format":"standard","meta":{"footnotes":""},"categories":[2],"tags":[],"_links":{"self":[{"href":"https:\/\/www.fumssar.com.br\/index.php?rest_route=\/wp\/v2\/posts\/10994"}],"collection":[{"href":"https:\/\/www.fumssar.com.br\/index.php?rest_route=\/wp\/v2\/posts"}],"about":[{"href":"https:\/\/www.fumssar.com.br\/index.php?rest_route=\/wp\/v2\/types\/post"}],"author":[{"embeddable":true,"href":"https:\/\/www.fumssar.com.br\/index.php?rest_route=\/wp\/v2\/users\/11"}],"replies":[{"embeddable":true,"href":"https:\/\/www.fumssar.com.br\/index.php?rest_route=%2Fwp%2Fv2%2Fcomments&post=10994"}],"version-history":[{"count":1,"href":"https:\/\/www.fumssar.com.br\/index.php?rest_route=\/wp\/v2\/posts\/10994\/revisions"}],"predecessor-version":[{"id":10995,"href":"https:\/\/www.fumssar.com.br\/index.php?rest_route=\/wp\/v2\/posts\/10994\/revisions\/10995"}],"wp:featuredmedia":[{"embeddable":true,"href":"https:\/\/www.fumssar.com.br\/index.php?rest_route=\/wp\/v2\/media\/10992"}],"wp:attachment":[{"href":"https:\/\/www.fumssar.com.br\/index.php?rest_route=%2Fwp%2Fv2%2Fmedia&parent=10994"}],"wp:term":[{"taxonomy":"category","embeddable":true,"href":"https:\/\/www.fumssar.com.br\/index.php?rest_route=%2Fwp%2Fv2%2Fcategories&post=10994"},{"taxonomy":"post_tag","embeddable":true,"href":"https:\/\/www.fumssar.com.br\/index.php?rest_route=%2Fwp%2Fv2%2Ftags&post=10994"}],"curies":[{"name":"wp","href":"https:\/\/api.w.org\/{rel}","templated":true}]}}