{"id":10971,"date":"2018-03-12T16:09:36","date_gmt":"2018-03-12T19:09:36","guid":{"rendered":"http:\/\/www.fumssar.com.br\/?p=10971"},"modified":"2024-10-07T16:35:05","modified_gmt":"2024-10-07T19:35:05","slug":"deputado-bohn-gass-apresentou-emenda-para-a-saude-de-santa-rosa","status":"publish","type":"post","link":"https:\/\/www.fumssar.com.br\/?p=10971","title":{"rendered":"Deputado Bohn Gass apresentou emenda para a sa\u00fade de Santa Rosa"},"content":{"rendered":"<p>O Deputado Federal Elvino Bohn Gass (PT), apresentou Emenda \u00a0Parlamentar Individual ao Or\u00e7amento \u00a0Geral da Uni\u00e3o na a\u00e7\u00e3o de Estrutura\u00e7\u00e3o de Servi\u00e7os de Aten\u00e7\u00e3o B\u00e1sica de Sa\u00fade do Minist\u00e9rio da Sa\u00fade.<\/p>\n<p>O valor apresentado \u00e9 de R$ 100.000,00 e ser\u00e1 utilizado para a aquisi\u00e7\u00e3o de um ve\u00edculo adaptado para transportar pacientes portadores de necessidades especiais.<\/p>\n<p>Na manh\u00e3 de segunda-feira,12, o Deputado Bohn Gass esteve na FUMSSAR, e realizou a entrega do documento ao Presidente Anderson Mantei , protocolado em Bras\u00edlia. Na oportunidade estavam prentes a Vereadora Marcia e o assessor do Deputado Estadual Jeferson Fernandes Orlando Desconsi, a Diretora do Hospaital Vida &amp; Sa\u00fade Vanderli de Barros e demais s assessores parlamentares.<\/p>\n<p>O presidente da FUMSAR Anderson Mantei agradeceu a a\u00e7\u00e3o do Deputado destacando que o recurso vem em boa hora e ser\u00e1 bem aplicado na aquisi\u00e7\u00e3o do ve\u00edculo, e que ter\u00e1 muita utilidade qualificando mais a qualidade dos servi\u00e7os ofertados na \u00e1rea de transporte de pacientes.<\/p>\n","protected":false},"excerpt":{"rendered":"<p>O Deputado Federal Elvino Bohn Gass (PT), apresentou Emenda \u00a0Parlamentar Individual ao Or\u00e7amento \u00a0Geral da&#8230;<\/p>\n","protected":false},"author":11,"featured_media":10973,"comment_status":"open","ping_status":"open","sticky":false,"template":"","format":"standard","meta":{"footnotes":""},"categories":[2],"tags":[],"_links":{"self":[{"href":"https:\/\/www.fumssar.com.br\/index.php?rest_route=\/wp\/v2\/posts\/10971"}],"collection":[{"href":"https:\/\/www.fumssar.com.br\/index.php?rest_route=\/wp\/v2\/posts"}],"about":[{"href":"https:\/\/www.fumssar.com.br\/index.php?rest_route=\/wp\/v2\/types\/post"}],"author":[{"embeddable":true,"href":"https:\/\/www.fumssar.com.br\/index.php?rest_route=\/wp\/v2\/users\/11"}],"replies":[{"embeddable":true,"href":"https:\/\/www.fumssar.com.br\/index.php?rest_route=%2Fwp%2Fv2%2Fcomments&post=10971"}],"version-history":[{"count":1,"href":"https:\/\/www.fumssar.com.br\/index.php?rest_route=\/wp\/v2\/posts\/10971\/revisions"}],"predecessor-version":[{"id":10974,"href":"https:\/\/www.fumssar.com.br\/index.php?rest_route=\/wp\/v2\/posts\/10971\/revisions\/10974"}],"wp:featuredmedia":[{"embeddable":true,"href":"https:\/\/www.fumssar.com.br\/index.php?rest_route=\/wp\/v2\/media\/10973"}],"wp:attachment":[{"href":"https:\/\/www.fumssar.com.br\/index.php?rest_route=%2Fwp%2Fv2%2Fmedia&parent=10971"}],"wp:term":[{"taxonomy":"category","embeddable":true,"href":"https:\/\/www.fumssar.com.br\/index.php?rest_route=%2Fwp%2Fv2%2Fcategories&post=10971"},{"taxonomy":"post_tag","embeddable":true,"href":"https:\/\/www.fumssar.com.br\/index.php?rest_route=%2Fwp%2Fv2%2Ftags&post=10971"}],"curies":[{"name":"wp","href":"https:\/\/api.w.org\/{rel}","templated":true}]}}