{"id":10955,"date":"2018-03-02T16:42:44","date_gmt":"2018-03-02T19:42:44","guid":{"rendered":"http:\/\/www.fumssar.com.br\/?p=10955"},"modified":"2024-10-07T16:35:22","modified_gmt":"2024-10-07T19:35:22","slug":"nova-turma-de-residentes-foram-acolhidos-na-fumssar","status":"publish","type":"post","link":"https:\/\/www.fumssar.com.br\/?p=10955","title":{"rendered":"Nova turma de residentes foram acolhidos na FUMSSAR"},"content":{"rendered":"<p>Na quinta \u2013feira, 01, a 9\u00aa turma do Programa de Resid\u00eancia Multiprofissional\u00a0 em Sa\u00fade da Fam\u00edliaUNIJU\u00cd\/FUMSSAR, foi recepcionada no audit\u00f3rio do N\u00facleo de Ensino e Pesquisa-NEP da Funda\u00e7\u00e3o.<\/p>\n<p>Diretores, gerentes e a coordena\u00e7\u00e3o do NEP os preceptores que s\u00e3o profissionais da aten\u00e7\u00e3o b\u00e1sica que h\u00e1 nove anos \u00a0acompanham as turmas de residentes no campo de atua\u00e7\u00e3o.<\/p>\n<p>O Programa de Resid\u00eancia recebe profissionais de diversas categorias como: odont\u00f3logos, assistentes sociais, educadores f\u00edsicos, psic\u00f3logos ,nutricionistas, enfermeiros e farmac\u00eauticos\u00a0 que desenvolvem suas atividades nas Unidades B\u00e1sicas de Sa\u00fade e em outros setores da FUMSSAR.<\/p>\n<p>O curso tem dura\u00e7\u00e3o de dois anos, e o residente recebe uma bolsa mensal e no final recebe o t\u00edtulo de Especialista em Sa\u00fade da Fam\u00edlia.<\/p>\n<p><a href=\"http:\/\/www.fumssar.com.br\/wp-content\/uploads\/2018\/03\/resi-3.jpg\"><img loading=\"lazy\" decoding=\"async\" class=\"alignnone size-medium wp-image-10957\" alt=\"resi 3\" src=\"http:\/\/www.fumssar.com.br\/wp-content\/uploads\/2018\/03\/resi-3-300x199.jpg\" width=\"300\" height=\"199\" srcset=\"https:\/\/www.fumssar.com.br\/wp-content\/uploads\/2018\/03\/resi-3-300x199.jpg 300w, https:\/\/www.fumssar.com.br\/wp-content\/uploads\/2018\/03\/resi-3.jpg 800w\" sizes=\"(max-width: 300px) 100vw, 300px\" \/><\/a><\/p>\n<p>&nbsp;<\/p>\n","protected":false},"excerpt":{"rendered":"<p>Na quinta \u2013feira, 01, a 9\u00aa turma do Programa de Resid\u00eancia Multiprofissional\u00a0 em Sa\u00fade da&#8230;<\/p>\n","protected":false},"author":11,"featured_media":10956,"comment_status":"open","ping_status":"open","sticky":false,"template":"","format":"standard","meta":{"footnotes":""},"categories":[2],"tags":[],"_links":{"self":[{"href":"https:\/\/www.fumssar.com.br\/index.php?rest_route=\/wp\/v2\/posts\/10955"}],"collection":[{"href":"https:\/\/www.fumssar.com.br\/index.php?rest_route=\/wp\/v2\/posts"}],"about":[{"href":"https:\/\/www.fumssar.com.br\/index.php?rest_route=\/wp\/v2\/types\/post"}],"author":[{"embeddable":true,"href":"https:\/\/www.fumssar.com.br\/index.php?rest_route=\/wp\/v2\/users\/11"}],"replies":[{"embeddable":true,"href":"https:\/\/www.fumssar.com.br\/index.php?rest_route=%2Fwp%2Fv2%2Fcomments&post=10955"}],"version-history":[{"count":1,"href":"https:\/\/www.fumssar.com.br\/index.php?rest_route=\/wp\/v2\/posts\/10955\/revisions"}],"predecessor-version":[{"id":10958,"href":"https:\/\/www.fumssar.com.br\/index.php?rest_route=\/wp\/v2\/posts\/10955\/revisions\/10958"}],"wp:featuredmedia":[{"embeddable":true,"href":"https:\/\/www.fumssar.com.br\/index.php?rest_route=\/wp\/v2\/media\/10956"}],"wp:attachment":[{"href":"https:\/\/www.fumssar.com.br\/index.php?rest_route=%2Fwp%2Fv2%2Fmedia&parent=10955"}],"wp:term":[{"taxonomy":"category","embeddable":true,"href":"https:\/\/www.fumssar.com.br\/index.php?rest_route=%2Fwp%2Fv2%2Fcategories&post=10955"},{"taxonomy":"post_tag","embeddable":true,"href":"https:\/\/www.fumssar.com.br\/index.php?rest_route=%2Fwp%2Fv2%2Ftags&post=10955"}],"curies":[{"name":"wp","href":"https:\/\/api.w.org\/{rel}","templated":true}]}}