{"id":1078,"date":"2014-03-12T20:22:00","date_gmt":"2014-03-12T20:22:00","guid":{"rendered":"http:\/\/www.fumssar.com.br\/?p=1078"},"modified":"2024-10-07T16:36:21","modified_gmt":"2024-10-07T19:36:21","slug":"atualizados-os-numeros-da-dengue-em-santa-rosa","status":"publish","type":"post","link":"https:\/\/www.fumssar.com.br\/?p=1078","title":{"rendered":"Atualizados os n\u00fameros da Dengue  em Santa Rosa"},"content":{"rendered":"<p>\u00a0A Vigil\u00e2ncia em Sa\u00fade divulgou nesta quarta \u2013 feira os n\u00fameros sobre os casos de Dengue no munic\u00edpio que tiveram altera\u00e7\u00f5es conforme os n\u00fameros apresentados que s\u00e3o: 24 casos notificados, 17 descartados, 6 em investiga\u00e7\u00e3o e 1 caso confirmado que \u00e9 considerado importado, pois o paciente \u00e9 de Ubiretama \u00a0e somente veio \u00e0 Santa Rosa\u00a0 para\u00a0 buscar tratamento\u00a0 m\u00e9dico.<\/p>\n<p><b>\u00a0\u00a0\u00a0\u00a0\u00a0\u00a0\u00a0\u00a0\u00a0\u00a0\u00a0\u00a0\u00a0\u00a0\u00a0 <\/b>A Vigil\u00e2ncia em Sa\u00fade de Santa Rosa com o apoio da 14\u00aa Coordenadoria Regional de Sa\u00fade, desde segunda-feira, 10 est\u00e1 realizando O LIRAa (Levantamento R\u00e1pido de \u00cdndices de Infesta\u00e7\u00e3o por Aedes Aegypti) que \u00a0visa atender o previsto no Plano Nacional de Combate a Dengue do Minist\u00e9rio da Sa\u00fade, que\u00a0 prev\u00ea a elabora\u00e7\u00e3o de metodologias capazes de fornecer \u00edndices r\u00e1pidos. Segundo a Coordenadora da Vigil\u00e2ncia em Sa\u00fade da Funda\u00e7\u00e3o Municipal da Sa\u00fade, M\u00e1rdiori Watthier Este levantamento contribui com a avalia\u00e7\u00e3o das a\u00e7\u00f5es, bem como, com a identifica\u00e7\u00e3o de \u00e1reas consideradas mais cr\u00edticas.<\/p>\n","protected":false},"excerpt":{"rendered":"<p>\u00a0A Vigil\u00e2ncia em Sa\u00fade divulgou nesta quarta \u2013 feira os n\u00fameros sobre os casos de&#8230;<\/p>\n","protected":false},"author":11,"featured_media":1079,"comment_status":"open","ping_status":"open","sticky":false,"template":"","format":"standard","meta":{"footnotes":""},"categories":[2],"tags":[],"_links":{"self":[{"href":"https:\/\/www.fumssar.com.br\/index.php?rest_route=\/wp\/v2\/posts\/1078"}],"collection":[{"href":"https:\/\/www.fumssar.com.br\/index.php?rest_route=\/wp\/v2\/posts"}],"about":[{"href":"https:\/\/www.fumssar.com.br\/index.php?rest_route=\/wp\/v2\/types\/post"}],"author":[{"embeddable":true,"href":"https:\/\/www.fumssar.com.br\/index.php?rest_route=\/wp\/v2\/users\/11"}],"replies":[{"embeddable":true,"href":"https:\/\/www.fumssar.com.br\/index.php?rest_route=%2Fwp%2Fv2%2Fcomments&post=1078"}],"version-history":[{"count":1,"href":"https:\/\/www.fumssar.com.br\/index.php?rest_route=\/wp\/v2\/posts\/1078\/revisions"}],"predecessor-version":[{"id":1080,"href":"https:\/\/www.fumssar.com.br\/index.php?rest_route=\/wp\/v2\/posts\/1078\/revisions\/1080"}],"wp:featuredmedia":[{"embeddable":true,"href":"https:\/\/www.fumssar.com.br\/index.php?rest_route=\/wp\/v2\/media\/1079"}],"wp:attachment":[{"href":"https:\/\/www.fumssar.com.br\/index.php?rest_route=%2Fwp%2Fv2%2Fmedia&parent=1078"}],"wp:term":[{"taxonomy":"category","embeddable":true,"href":"https:\/\/www.fumssar.com.br\/index.php?rest_route=%2Fwp%2Fv2%2Fcategories&post=1078"},{"taxonomy":"post_tag","embeddable":true,"href":"https:\/\/www.fumssar.com.br\/index.php?rest_route=%2Fwp%2Fv2%2Ftags&post=1078"}],"curies":[{"name":"wp","href":"https:\/\/api.w.org\/{rel}","templated":true}]}}