{"id":10654,"date":"2017-11-17T16:25:11","date_gmt":"2017-11-17T19:25:11","guid":{"rendered":"http:\/\/www.fumssar.com.br\/?p=10654"},"modified":"2024-10-07T16:35:24","modified_gmt":"2024-10-07T19:35:24","slug":"hemocentro-realizara-a-semana-do-doador-de-sangue","status":"publish","type":"post","link":"https:\/\/www.fumssar.com.br\/?p=10654","title":{"rendered":"Hemocentro realizar\u00e1 a Semana do Doador de Sangue"},"content":{"rendered":"<p>O Hemocentro Regional de Santa Rosa realiza, entre os dias 20 e 25 de novembro, a Semana Nacional do Doador Volunt\u00e1rio de Sangue com o objetivo de homenagear o doador volunt\u00e1rio de sangue e chamar aten\u00e7\u00e3o para a import\u00e2ncia da doa\u00e7\u00e3o regular de sangue.<\/p>\n<p>&nbsp;<\/p>\n<p>Al\u00e9m disso, a programa\u00e7\u00e3o \u00e9 uma a\u00e7\u00e3o elaborada pelo Hemocentro que visa garantir o estoque no per\u00edodo do Natal e Ano Novo, quando a demanda aumenta. Na semana ser\u00e1 realizada uma programa\u00e7\u00e3o para receber os doadores de sangue com decora\u00e7\u00e3o, lanche especial e parab\u00e9ns para homenage\u00e1-los.<\/p>\n<p>&nbsp;<\/p>\n<p>Ser\u00e3o distribu\u00eddos folders com orienta\u00e7\u00f5es sobre a doa\u00e7\u00e3o de sangue nas sinaleiras e locais p\u00fablicos com a presen\u00e7a do Vermelhinho, mascote do Hemocentro.<\/p>\n<p>&nbsp;<\/p>\n<p>Na quarta feira dia 22\/11\/2017 o hemocentro estar\u00e1 com hor\u00e1rio diferenciado das 7:30 as 19:30, sem fechar ao meio dia, para poder receber o grupo de motoqueiros OSLOKODOMATO e para todos aqueles que precisam um hor\u00e1rio diferenciado.<\/p>\n<p>A comemora\u00e7\u00e3o se estende com Coleta Externa no munic\u00edpio de Independ\u00eancia no dia 24 de novembro (sexta feria) e no dia 25 de Novembro (s\u00e1bado) ser\u00e1 realizada uma a\u00e7\u00e3o com os colaboradores e familiares da John Deere.<\/p>\n<p>A a\u00e7\u00e3o conta tamb\u00e9m com o apoio de Cotrirosa, Sicredi, Protefort, \u00a0Unimed, \u00a0Posto Vaccari, \u00a0\u00c9tica Contabilidade, Lojas Becker, 2B Comunica\u00e7\u00f5es, Claro Empresas e Padaria Ehlert.<\/p>\n","protected":false},"excerpt":{"rendered":"<p>O Hemocentro Regional de Santa Rosa realiza, entre os dias 20 e 25 de novembro,&#8230;<\/p>\n","protected":false},"author":11,"featured_media":10655,"comment_status":"open","ping_status":"open","sticky":false,"template":"","format":"standard","meta":{"footnotes":""},"categories":[2],"tags":[],"_links":{"self":[{"href":"https:\/\/www.fumssar.com.br\/index.php?rest_route=\/wp\/v2\/posts\/10654"}],"collection":[{"href":"https:\/\/www.fumssar.com.br\/index.php?rest_route=\/wp\/v2\/posts"}],"about":[{"href":"https:\/\/www.fumssar.com.br\/index.php?rest_route=\/wp\/v2\/types\/post"}],"author":[{"embeddable":true,"href":"https:\/\/www.fumssar.com.br\/index.php?rest_route=\/wp\/v2\/users\/11"}],"replies":[{"embeddable":true,"href":"https:\/\/www.fumssar.com.br\/index.php?rest_route=%2Fwp%2Fv2%2Fcomments&post=10654"}],"version-history":[{"count":2,"href":"https:\/\/www.fumssar.com.br\/index.php?rest_route=\/wp\/v2\/posts\/10654\/revisions"}],"predecessor-version":[{"id":10657,"href":"https:\/\/www.fumssar.com.br\/index.php?rest_route=\/wp\/v2\/posts\/10654\/revisions\/10657"}],"wp:featuredmedia":[{"embeddable":true,"href":"https:\/\/www.fumssar.com.br\/index.php?rest_route=\/wp\/v2\/media\/10655"}],"wp:attachment":[{"href":"https:\/\/www.fumssar.com.br\/index.php?rest_route=%2Fwp%2Fv2%2Fmedia&parent=10654"}],"wp:term":[{"taxonomy":"category","embeddable":true,"href":"https:\/\/www.fumssar.com.br\/index.php?rest_route=%2Fwp%2Fv2%2Fcategories&post=10654"},{"taxonomy":"post_tag","embeddable":true,"href":"https:\/\/www.fumssar.com.br\/index.php?rest_route=%2Fwp%2Fv2%2Ftags&post=10654"}],"curies":[{"name":"wp","href":"https:\/\/api.w.org\/{rel}","templated":true}]}}