{"id":10651,"date":"2017-11-17T10:25:48","date_gmt":"2017-11-17T13:25:48","guid":{"rendered":"http:\/\/www.fumssar.com.br\/?p=10651"},"modified":"2024-10-07T16:35:24","modified_gmt":"2024-10-07T19:35:24","slug":"integracao-dos-sistemas-de-informacao-na-fumssar","status":"publish","type":"post","link":"https:\/\/www.fumssar.com.br\/?p=10651","title":{"rendered":"Integra\u00e7\u00e3o dos Sistemas de Informa\u00e7\u00e3o na FUMSSAR"},"content":{"rendered":"<p>Buscando melhoria cont\u00ednua nos processos da Funda\u00e7\u00e3o Municipal de Sa\u00fade, neste m\u00eas novembro foi conclu\u00eddo o projeto de integra\u00e7\u00e3o de sistemas IPM Sa\u00fade X IPM Net do m\u00f3dulo estoque. Este projeto teve como objetivos, otimizar o tempo gasto nas atividades de lan\u00e7amentos dos medicamentos nas Unidades b\u00e1sicas de Sa\u00fade, rapidez na emiss\u00e3o de guias de separa\u00e7\u00e3o de materiais e agilizar a gera\u00e7\u00e3o da demanda de compra.<\/p>\n<p>Para a Coordenadora da Assist\u00eancia Farmac\u00eautica Vanessa Flores \u201cos ganhos foram muitos, pois no projeto conseguimos tamb\u00e9m padronizar os descritivos dos medicamentos e materiais de enfermagem, unificar dos cadastros para qualificar o nosso processo licitat\u00f3rio e ainda teremos melhoria no rastreamento dos medicamentos, tendo assim seguran\u00e7a na dispensa\u00e7\u00e3o dos medicamentos para o paciente\u201d.<\/p>\n<p>Para o Coordenador do estoque Airton Molinari \u201co projeto veio para agregar informa\u00e7\u00f5es importantes como n\u00famero de lote e fornecedor, al\u00e9m de reduzir o tempo de separa\u00e7\u00e3o, algo j\u00e1 trabalhado no projeto de 5 Ss no setor\u201d.<\/p>\n<p>O Diretor de Gest\u00e3o Estrat\u00e9gica Ademir Rosa, comemora os resultados do trabalho e atribui o sucesso do trabalho \u00e0 equipe de apoio qualificada que tem a Fumssar. Salienta \u201cestamos disponibilizando mais tempo dos profissionais para atendimentos nas Unidades B\u00e1sicas de Sa\u00fade, agregando controles no estoque de medicamentos e assim buscando sustentabilidade nos processos\u201d. Refor\u00e7a ainda que resultado foi excelente, pois somente na atividade de lan\u00e7amento de estoque nas Unidades reduzimos o tempo m\u00e9dio que era de 4 horas por lote para menos 2 minutos e na atividade de an\u00e1lise de sugest\u00e3o de compras de medicamentos reduzimos de 8 horas para 2 horas.<\/p>\n<p>&nbsp;<\/p>\n","protected":false},"excerpt":{"rendered":"<p>Buscando melhoria cont\u00ednua nos processos da Funda\u00e7\u00e3o Municipal de Sa\u00fade, neste m\u00eas novembro foi conclu\u00eddo&#8230;<\/p>\n","protected":false},"author":11,"featured_media":10652,"comment_status":"open","ping_status":"open","sticky":false,"template":"","format":"standard","meta":{"footnotes":""},"categories":[2],"tags":[],"_links":{"self":[{"href":"https:\/\/www.fumssar.com.br\/index.php?rest_route=\/wp\/v2\/posts\/10651"}],"collection":[{"href":"https:\/\/www.fumssar.com.br\/index.php?rest_route=\/wp\/v2\/posts"}],"about":[{"href":"https:\/\/www.fumssar.com.br\/index.php?rest_route=\/wp\/v2\/types\/post"}],"author":[{"embeddable":true,"href":"https:\/\/www.fumssar.com.br\/index.php?rest_route=\/wp\/v2\/users\/11"}],"replies":[{"embeddable":true,"href":"https:\/\/www.fumssar.com.br\/index.php?rest_route=%2Fwp%2Fv2%2Fcomments&post=10651"}],"version-history":[{"count":1,"href":"https:\/\/www.fumssar.com.br\/index.php?rest_route=\/wp\/v2\/posts\/10651\/revisions"}],"predecessor-version":[{"id":10653,"href":"https:\/\/www.fumssar.com.br\/index.php?rest_route=\/wp\/v2\/posts\/10651\/revisions\/10653"}],"wp:featuredmedia":[{"embeddable":true,"href":"https:\/\/www.fumssar.com.br\/index.php?rest_route=\/wp\/v2\/media\/10652"}],"wp:attachment":[{"href":"https:\/\/www.fumssar.com.br\/index.php?rest_route=%2Fwp%2Fv2%2Fmedia&parent=10651"}],"wp:term":[{"taxonomy":"category","embeddable":true,"href":"https:\/\/www.fumssar.com.br\/index.php?rest_route=%2Fwp%2Fv2%2Fcategories&post=10651"},{"taxonomy":"post_tag","embeddable":true,"href":"https:\/\/www.fumssar.com.br\/index.php?rest_route=%2Fwp%2Fv2%2Ftags&post=10651"}],"curies":[{"name":"wp","href":"https:\/\/api.w.org\/{rel}","templated":true}]}}