{"id":10521,"date":"2017-10-09T10:38:33","date_gmt":"2017-10-09T13:38:33","guid":{"rendered":"http:\/\/www.fumssar.com.br\/?p=10521"},"modified":"2024-10-07T16:35:24","modified_gmt":"2024-10-07T19:35:24","slug":"unidade-de-saude-da-pereira-realizou-evento-para-marcar-o-outubro-rosa","status":"publish","type":"post","link":"https:\/\/www.fumssar.com.br\/?p=10521","title":{"rendered":"Unidade de Sa\u00fade da Pereira realizou evento para marcar o Outubro Rosa"},"content":{"rendered":"<p>Tradicionalmente a unidade de sa\u00fade da Pereira realiza um evento para lembrar a realiza\u00e7\u00e3o do \u201cOutubro Rosa\u201d, data criada para conscientizar as mulheres sobre o c\u00e2ncer de mama. A atividade realizada na tarde de quinta-feira, 05, contou com desfile de modas, sorteios, brincadeiras e uma pe\u00e7a teatral apresentada pelo Grupo Aivar. Ap\u00f3s houve \u00a0uma confraterniza\u00e7\u00e3o atrav\u00e9s de um ch\u00e1 servido aos participantes.<\/p>\n<p>A coordenadora da unidade M\u00e1rcia Zalamena agradeceu a presen\u00e7a do p\u00fablico destacando o momento que \u00e9 um mecanismo para alertar as mulheres sobre a preven\u00e7\u00e3o e tratamento do c\u00e2ncer. Para a diretora da Aten\u00e7\u00e3o Prim\u00e1ria da FUMSSAR, Alice Klein Hofferber estas atividades s\u00e3o muito importantes pois,\u00a0 ajudam a divulgar ainda mais a import\u00e2ncia da preven\u00e7\u00e3o e os cuidados com o c\u00e2ncer de mama.<\/p>\n<p><a href=\"http:\/\/www.fumssar.com.br\/wp-content\/uploads\/2017\/10\/DSC_0012.jpg\"><img loading=\"lazy\" decoding=\"async\" class=\"alignnone size-medium wp-image-10523\" alt=\"DSC_0012\" src=\"http:\/\/www.fumssar.com.br\/wp-content\/uploads\/2017\/10\/DSC_0012-300x152.jpg\" width=\"300\" height=\"152\" srcset=\"https:\/\/www.fumssar.com.br\/wp-content\/uploads\/2017\/10\/DSC_0012-300x152.jpg 300w, https:\/\/www.fumssar.com.br\/wp-content\/uploads\/2017\/10\/DSC_0012.jpg 665w\" sizes=\"(max-width: 300px) 100vw, 300px\" \/><\/a>\u00a0<a href=\"http:\/\/www.fumssar.com.br\/wp-content\/uploads\/2017\/10\/DSC_0066.jpg\"><img loading=\"lazy\" decoding=\"async\" class=\"alignnone size-medium wp-image-10524\" alt=\"DSC_0066\" src=\"http:\/\/www.fumssar.com.br\/wp-content\/uploads\/2017\/10\/DSC_0066-300x200.jpg\" width=\"300\" height=\"200\" srcset=\"https:\/\/www.fumssar.com.br\/wp-content\/uploads\/2017\/10\/DSC_0066-300x200.jpg 300w, https:\/\/www.fumssar.com.br\/wp-content\/uploads\/2017\/10\/DSC_0066-1024x682.jpg 1024w\" sizes=\"(max-width: 300px) 100vw, 300px\" \/><\/a><\/p>\n","protected":false},"excerpt":{"rendered":"<p>Tradicionalmente a unidade de sa\u00fade da Pereira realiza um evento para lembrar a realiza\u00e7\u00e3o do&#8230;<\/p>\n","protected":false},"author":11,"featured_media":10522,"comment_status":"open","ping_status":"open","sticky":false,"template":"","format":"standard","meta":{"footnotes":""},"categories":[2],"tags":[],"_links":{"self":[{"href":"https:\/\/www.fumssar.com.br\/index.php?rest_route=\/wp\/v2\/posts\/10521"}],"collection":[{"href":"https:\/\/www.fumssar.com.br\/index.php?rest_route=\/wp\/v2\/posts"}],"about":[{"href":"https:\/\/www.fumssar.com.br\/index.php?rest_route=\/wp\/v2\/types\/post"}],"author":[{"embeddable":true,"href":"https:\/\/www.fumssar.com.br\/index.php?rest_route=\/wp\/v2\/users\/11"}],"replies":[{"embeddable":true,"href":"https:\/\/www.fumssar.com.br\/index.php?rest_route=%2Fwp%2Fv2%2Fcomments&post=10521"}],"version-history":[{"count":1,"href":"https:\/\/www.fumssar.com.br\/index.php?rest_route=\/wp\/v2\/posts\/10521\/revisions"}],"predecessor-version":[{"id":10525,"href":"https:\/\/www.fumssar.com.br\/index.php?rest_route=\/wp\/v2\/posts\/10521\/revisions\/10525"}],"wp:featuredmedia":[{"embeddable":true,"href":"https:\/\/www.fumssar.com.br\/index.php?rest_route=\/wp\/v2\/media\/10522"}],"wp:attachment":[{"href":"https:\/\/www.fumssar.com.br\/index.php?rest_route=%2Fwp%2Fv2%2Fmedia&parent=10521"}],"wp:term":[{"taxonomy":"category","embeddable":true,"href":"https:\/\/www.fumssar.com.br\/index.php?rest_route=%2Fwp%2Fv2%2Fcategories&post=10521"},{"taxonomy":"post_tag","embeddable":true,"href":"https:\/\/www.fumssar.com.br\/index.php?rest_route=%2Fwp%2Fv2%2Ftags&post=10521"}],"curies":[{"name":"wp","href":"https:\/\/api.w.org\/{rel}","templated":true}]}}