{"id":10493,"date":"2017-06-02T08:14:05","date_gmt":"2017-06-02T11:14:05","guid":{"rendered":"http:\/\/www.fumssar.com.br\/?p=10493"},"modified":"2017-10-03T16:18:36","modified_gmt":"2017-10-03T19:18:36","slug":"10493","status":"publish","type":"post","link":"https:\/\/www.fumssar.com.br\/?p=10493","title":{"rendered":"EDITAL DE CLASSIFICA\u00c7\u00c3O DE CONVOCA\u00c7\u00c3O 11.2017"},"content":{"rendered":"<p align=\"center\">EDITAL DE CLASSIFICA\u00c7\u00c3O CONVOCA\u00c7\u00c3O N.\u00ba 11\/2017<\/p>\n<p>&nbsp;<\/p>\n<p><b>O Presidente da Funda\u00e7\u00e3o Municipal de Sa\u00fade de Santa Rosa, <\/b>no uso de suas atribui\u00e7\u00f5es legais, conforme Lei Complementar n.\u00ba 37, de 21 de novembro de 2007 e Lei n.\u00ba 4.629, de 04 de mar\u00e7o de 2010, torna p\u00fablica a <b>CLASSIFICA\u00c7\u00c3O <\/b>dos candidatos melhores classificados que manifestaram interesse em assumir o cargo de <b>T\u00e9cnico de Enfermagem<\/b> \u2013 contrato tempor\u00e1rio de at\u00e9 180 (cento e oitenta) dias, dentre os aprovados no Concurso P\u00fablico 001\/2015.<\/p>\n<p>&nbsp;<\/p>\n<p><b>CLASSIFICA\u00c7\u00c3O<\/b><\/p>\n<p>DENIZE MARIA WICKERT \u00a0\u00a0\u00a0\u00a0\u00a0\u00a0\u00a0\u00a0\u00a0\u00a0\u00a0\u00a0\u00a0\u00a0\u00a0\u00a0\u00a0\u00a0\u00a0\u00a0\u00a0\u00a0\u00a0\u00a0\u00a0\u00a0\u00a0\u00a0\u00a0\u00a0\u00a0 Classificado 5\u00ba<\/p>\n<p>CARLA MAIARA MUCHA\u00a0\u00a0\u00a0\u00a0\u00a0\u00a0\u00a0\u00a0\u00a0\u00a0\u00a0\u00a0\u00a0\u00a0\u00a0\u00a0\u00a0\u00a0\u00a0\u00a0\u00a0\u00a0\u00a0\u00a0\u00a0\u00a0\u00a0\u00a0\u00a0\u00a0\u00a0\u00a0\u00a0 \u00a0\u00a0\u00a0\u00a0\u00a0\u00a0\u00a0\u00a0\u00a0\u00a0\u00a0 Classificado 6\u00ba<\/p>\n<p>\u00c2NGELA TERESINHA TAMINSKY \u00a0\u00a0\u00a0\u00a0\u00a0\u00a0\u00a0\u00a0\u00a0\u00a0\u00a0\u00a0\u00a0\u00a0\u00a0\u00a0\u00a0 \u00a0Classificado 7\u00ba<\/p>\n<p>&nbsp;<\/p>\n<p><b>\u00a0<\/b><\/p>\n<p><b>CONVOCA \u2013 <\/b><b>DENIZE MARIA WICKERT<\/b> (5\u00ba coloca\u00e7\u00e3o) para assumir a vaga de T\u00e9cnico de Enfermagem por tempo determinado de at\u00e9 180 (cento e oitenta) dias. A mesma ter\u00e1 o prazo de 15 (quinze) dias para assumir o referido cargo ap\u00f3s esta publica\u00e7\u00e3o.<\/p>\n<p>&nbsp;<\/p>\n<p>&nbsp;<\/p>\n<p>PRESIDENTE DA FUNDA\u00c7\u00c3O MUNICIPAL DE SA\u00daDE DE SANTA ROSA, 02 DE JUNHO DE 2017.<\/p>\n<p>&nbsp;<\/p>\n<p>&nbsp;<\/p>\n<p>&nbsp;<\/p>\n<p>&nbsp;<\/p>\n<p>ANDERSON MANTEI\u00a0\u00a0\u00a0\u00a0\u00a0\u00a0\u00a0\u00a0\u00a0\u00a0\u00a0\u00a0\u00a0\u00a0\u00a0\u00a0\u00a0\u00a0\u00a0\u00a0\u00a0\u00a0\u00a0\u00a0\u00a0\u00a0\u00a0 \u00a0\u00a0\u00a0\u00a0\u00a0\u00a0\u00a0\u00a0\u00a0\u00a0\u00a0\u00a0\u00a0\u00a0\u00a0\u00a0\u00a0\u00a0\u00a0 ROG\u00c9RIO SILVA DOS SANTOS<\/p>\n<p>Presidente da FUMSSAR\u00a0\u00a0\u00a0\u00a0\u00a0\u00a0\u00a0\u00a0\u00a0\u00a0\u00a0\u00a0\u00a0\u00a0\u00a0\u00a0\u00a0\u00a0\u00a0\u00a0\u00a0\u00a0\u00a0\u00a0\u00a0\u00a0\u00a0\u00a0\u00a0\u00a0\u00a0\u00a0\u00a0\u00a0\u00a0\u00a0\u00a0\u00a0\u00a0\u00a0\u00a0\u00a0\u00a0\u00a0\u00a0\u00a0\u00a0\u00a0\u00a0\u00a0\u00a0\u00a0 Diretor de Gest\u00e3o Administrativa<\/p>\n<p>&nbsp;<\/p>\n<p>&nbsp;<\/p>\n<p>&nbsp;<\/p>\n<p>&nbsp;<\/p>\n<p><a href=\"http:\/\/www.fumssar.com.br\/wp-content\/uploads\/2017\/10\/EDITAL-DE-CONVOCA\u00c7\u00c3O-11.2017-lista-de-interessados-e-convoca\u00e7\u00e3o.pdf\">EDITAL DE CONVOCA\u00c7\u00c3O 11.2017 lista de interessados e convoca\u00e7\u00e3o<\/a><\/p>\n","protected":false},"excerpt":{"rendered":"<p>EDITAL DE CLASSIFICA\u00c7\u00c3O CONVOCA\u00c7\u00c3O N.\u00ba 11\/2017 &nbsp; O Presidente da Funda\u00e7\u00e3o Municipal de Sa\u00fade de&#8230;<\/p>\n","protected":false},"author":13,"featured_media":0,"comment_status":"open","ping_status":"open","sticky":false,"template":"","format":"standard","meta":{"footnotes":""},"categories":[54,93],"tags":[],"_links":{"self":[{"href":"https:\/\/www.fumssar.com.br\/index.php?rest_route=\/wp\/v2\/posts\/10493"}],"collection":[{"href":"https:\/\/www.fumssar.com.br\/index.php?rest_route=\/wp\/v2\/posts"}],"about":[{"href":"https:\/\/www.fumssar.com.br\/index.php?rest_route=\/wp\/v2\/types\/post"}],"author":[{"embeddable":true,"href":"https:\/\/www.fumssar.com.br\/index.php?rest_route=\/wp\/v2\/users\/13"}],"replies":[{"embeddable":true,"href":"https:\/\/www.fumssar.com.br\/index.php?rest_route=%2Fwp%2Fv2%2Fcomments&post=10493"}],"version-history":[{"count":3,"href":"https:\/\/www.fumssar.com.br\/index.php?rest_route=\/wp\/v2\/posts\/10493\/revisions"}],"predecessor-version":[{"id":10497,"href":"https:\/\/www.fumssar.com.br\/index.php?rest_route=\/wp\/v2\/posts\/10493\/revisions\/10497"}],"wp:attachment":[{"href":"https:\/\/www.fumssar.com.br\/index.php?rest_route=%2Fwp%2Fv2%2Fmedia&parent=10493"}],"wp:term":[{"taxonomy":"category","embeddable":true,"href":"https:\/\/www.fumssar.com.br\/index.php?rest_route=%2Fwp%2Fv2%2Fcategories&post=10493"},{"taxonomy":"post_tag","embeddable":true,"href":"https:\/\/www.fumssar.com.br\/index.php?rest_route=%2Fwp%2Fv2%2Ftags&post=10493"}],"curies":[{"name":"wp","href":"https:\/\/api.w.org\/{rel}","templated":true}]}}