{"id":10452,"date":"2017-09-13T10:14:12","date_gmt":"2017-09-13T13:14:12","guid":{"rendered":"http:\/\/www.fumssar.com.br\/?p=10452"},"modified":"2024-10-07T16:35:24","modified_gmt":"2024-10-07T19:35:24","slug":"campanha-de-multivacinacao-para-menores-de-15-anos-de-11-a-22-de-setembro","status":"publish","type":"post","link":"https:\/\/www.fumssar.com.br\/?p=10452","title":{"rendered":"CAMPANHA DE MULTIVACINA\u00c7\u00c3O PARA MENORES DE 15 ANOS\u2013 DE 11 A 22 DE SETEMBRO"},"content":{"rendered":"<p>&nbsp;<\/p>\n<p>Neste s\u00e1bado, dia 16 de setembro, os postos de sa\u00fade de Santa Rosa e de todo o Brasil estar\u00e3o abertos das 8h \u00e0s 17h, para a realiza\u00e7\u00e3o da campanha de multivacina\u00e7\u00e3o.<\/p>\n<p><b>\u00a0<\/b><\/p>\n<p><b>Qual o objetivo desta campanha?<\/b><\/p>\n<p>O objetivo \u00e9 atualizar o esquema vacinal das crian\u00e7as e adolescentes menores de 15 anos de idade, aumentando as coberturas vacinais.<\/p>\n<p><b>Para quem \u00e9 a campanha?<\/b><\/p>\n<p>O p\u00fablico alvo desta campanha s\u00e3o as crian\u00e7as e adolescentes menores de 15 anos de idade com esquema vacinal <b>em atraso<\/b> para as vacinas do calend\u00e1rio b\u00e1sico de vacina\u00e7\u00e3o.<\/p>\n<p><b>Qual o per\u00edodo?<\/b><\/p>\n<p>11 a 22 de setembro. De 2\u00aa a 6\u00aa feira, nos hor\u00e1rios normais de funcionamento dos postos de sa\u00fade.<\/p>\n<p><b>\u00a0<\/b><\/p>\n<p><b>Dia \u201cD\u201d: 16\/09 \u2013 s\u00e1bado, das 8h \u00e0s 17h, sem fechar ao meio-dia. <\/b><\/p>\n<p><b>\u00a0<\/b><\/p>\n<p><b>O que n\u00e3o esquecer?<\/b><\/p>\n<p>A carteira de vacinas e o cart\u00e3o nacional do SUS.<\/p>\n<p>&nbsp;<\/p>\n<p><b>Introdu\u00e7\u00e3o de novas vacinas<\/b><\/p>\n<p>Este ano tivemos modifica\u00e7\u00f5es no calend\u00e1rio b\u00e1sico de vacina\u00e7\u00e3o com a introdu\u00e7\u00e3o de duas novas vacinas: a meningoc\u00f3cica C para os adolescentes de 12 e 13 anos, e a HPV para meninos de 11 a 14 anos.<\/p>\n<p>&nbsp;<\/p>\n<p><b>Onde vacinar?<\/b><\/p>\n<p>No posto de sa\u00fade de sua resid\u00eancia.<\/p>\n<p>&nbsp;<\/p>\n<p>&nbsp;<\/p>\n<p>&nbsp;<\/p>\n<p>&nbsp;<\/p>\n<p>&nbsp;<\/p>\n<p>&nbsp;<\/p>\n","protected":false},"excerpt":{"rendered":"<p>&nbsp; Neste s\u00e1bado, dia 16 de setembro, os postos de sa\u00fade de Santa Rosa e&#8230;<\/p>\n","protected":false},"author":11,"featured_media":10453,"comment_status":"open","ping_status":"open","sticky":false,"template":"","format":"standard","meta":{"footnotes":""},"categories":[2],"tags":[],"_links":{"self":[{"href":"https:\/\/www.fumssar.com.br\/index.php?rest_route=\/wp\/v2\/posts\/10452"}],"collection":[{"href":"https:\/\/www.fumssar.com.br\/index.php?rest_route=\/wp\/v2\/posts"}],"about":[{"href":"https:\/\/www.fumssar.com.br\/index.php?rest_route=\/wp\/v2\/types\/post"}],"author":[{"embeddable":true,"href":"https:\/\/www.fumssar.com.br\/index.php?rest_route=\/wp\/v2\/users\/11"}],"replies":[{"embeddable":true,"href":"https:\/\/www.fumssar.com.br\/index.php?rest_route=%2Fwp%2Fv2%2Fcomments&post=10452"}],"version-history":[{"count":1,"href":"https:\/\/www.fumssar.com.br\/index.php?rest_route=\/wp\/v2\/posts\/10452\/revisions"}],"predecessor-version":[{"id":10454,"href":"https:\/\/www.fumssar.com.br\/index.php?rest_route=\/wp\/v2\/posts\/10452\/revisions\/10454"}],"wp:featuredmedia":[{"embeddable":true,"href":"https:\/\/www.fumssar.com.br\/index.php?rest_route=\/wp\/v2\/media\/10453"}],"wp:attachment":[{"href":"https:\/\/www.fumssar.com.br\/index.php?rest_route=%2Fwp%2Fv2%2Fmedia&parent=10452"}],"wp:term":[{"taxonomy":"category","embeddable":true,"href":"https:\/\/www.fumssar.com.br\/index.php?rest_route=%2Fwp%2Fv2%2Fcategories&post=10452"},{"taxonomy":"post_tag","embeddable":true,"href":"https:\/\/www.fumssar.com.br\/index.php?rest_route=%2Fwp%2Fv2%2Ftags&post=10452"}],"curies":[{"name":"wp","href":"https:\/\/api.w.org\/{rel}","templated":true}]}}