{"id":10448,"date":"2017-09-12T10:40:00","date_gmt":"2017-09-12T13:40:00","guid":{"rendered":"http:\/\/www.fumssar.com.br\/?p=10448"},"modified":"2024-10-07T16:35:24","modified_gmt":"2024-10-07T19:35:24","slug":"santa-rosa-discutiu-a-prevencao-ao-suicidio","status":"publish","type":"post","link":"https:\/\/www.fumssar.com.br\/?p=10448","title":{"rendered":"Santa Rosa discutiu a Preven\u00e7\u00e3o ao Suic\u00eddio"},"content":{"rendered":"<p>O II Semin\u00e1rio de Preven\u00e7\u00e3o ao Suic\u00eddio foi realizado nesta segunda-feira,11, no Centro C\u00edvico e Cultural Ant\u00f4nio Carlos Borges em Santa\u00a0 Rosa.<br \/>\nCentenas de pessoas participaram do evento que discutiu um tema de suma import\u00e2ncia para profissionais da \u00e1rea de sa\u00fade, da educa\u00e7\u00e3o e lideran\u00e7as\u00a0\u00a0\u00a0\u00a0\u00a0\u00a0\u00a0\u00a0\u00a0\u00a0 da\u00a0\u00a0\u00a0\u00a0\u00a0\u00a0 grande\u00a0\u00a0\u00a0\u00a0\u00a0\u00a0\u00a0\u00a0\u00a0 regi\u00e3o.<br \/>\nPalestras,discuss\u00f5es sobre o assunto, foram apresentadas durante todo o dia tendo como palestrante o<br \/>\nO evento foi realizado pela administra\u00e7\u00e3o municipal de Santa Rosa, atrav\u00e9s da FUMSSAR, os CAPS,com a parceria da 14\u00aa Coordenadoria de Sa\u00fade,17\u00aa Coordenadoria de Educa\u00e7\u00e3o, e demais entidades.<br \/>\nA abertura oficial foi realizada \u00e0s 9 horas com a presen\u00e7a do Vice-prefeito Lu\u00eds Ant\u00f4nio Benvegn\u00fa, do Presidente da FUMSSAR, Anderson Mantei e demais autoridades. Professor Aroldo Escudeiro \u2013 que \u00a0possui Gradua\u00e7\u00e3o em Psicologia pela Universidade de Fortaleza &#8211; UNIFOR . Mestrado em Sa\u00fade P\u00fablica pela Universidade Americana &#8211; PY . Atualmente \u00e9 diretor do Centro de Estudos em Tanatologia\\CE e Coordenador da Rede Nacional de Tanatologia\\Brasil. Tem experi\u00eancia na \u00e1rea de Psicologia atuando principalmente nos seguintes temas: luto,separa\u00e7\u00e3o, morte e perda. \u00c9 professor universit\u00e1rio e doutorando em Psicologia Social na Universidade de Salvador -USAL \u2013 BA.<\/p>\n<p>O evento foi realizado pela\u00a0 Funda\u00e7\u00e3o Municipal de Sa\u00fade de Santa Rosa-FUMSSAR, Comit\u00ea de Preven\u00e7\u00e3o ao Suic\u00eddio da FUMSSAR,com o apoio da Prefeitura Municipal de Santa Rosa\/RS, N\u00facleo de Ensino e Pesquisa FUMSSAR , e da Secretaria Estadual de Sa\u00fade.<\/p>\n<p><a href=\"http:\/\/www.fumssar.com.br\/wp-content\/uploads\/2017\/09\/seminario-suic-2.jpg\"><img loading=\"lazy\" decoding=\"async\" class=\"alignnone size-medium wp-image-10450\" alt=\"seminario suic 2\" src=\"http:\/\/www.fumssar.com.br\/wp-content\/uploads\/2017\/09\/seminario-suic-2-300x179.jpg\" width=\"300\" height=\"179\" srcset=\"https:\/\/www.fumssar.com.br\/wp-content\/uploads\/2017\/09\/seminario-suic-2-300x179.jpg 300w, https:\/\/www.fumssar.com.br\/wp-content\/uploads\/2017\/09\/seminario-suic-2.jpg 629w\" sizes=\"(max-width: 300px) 100vw, 300px\" \/><\/a><\/p>\n","protected":false},"excerpt":{"rendered":"<p>O II Semin\u00e1rio de Preven\u00e7\u00e3o ao Suic\u00eddio foi realizado nesta segunda-feira,11, no Centro C\u00edvico e&#8230;<\/p>\n","protected":false},"author":11,"featured_media":10449,"comment_status":"open","ping_status":"open","sticky":false,"template":"","format":"standard","meta":{"footnotes":""},"categories":[2],"tags":[],"_links":{"self":[{"href":"https:\/\/www.fumssar.com.br\/index.php?rest_route=\/wp\/v2\/posts\/10448"}],"collection":[{"href":"https:\/\/www.fumssar.com.br\/index.php?rest_route=\/wp\/v2\/posts"}],"about":[{"href":"https:\/\/www.fumssar.com.br\/index.php?rest_route=\/wp\/v2\/types\/post"}],"author":[{"embeddable":true,"href":"https:\/\/www.fumssar.com.br\/index.php?rest_route=\/wp\/v2\/users\/11"}],"replies":[{"embeddable":true,"href":"https:\/\/www.fumssar.com.br\/index.php?rest_route=%2Fwp%2Fv2%2Fcomments&post=10448"}],"version-history":[{"count":1,"href":"https:\/\/www.fumssar.com.br\/index.php?rest_route=\/wp\/v2\/posts\/10448\/revisions"}],"predecessor-version":[{"id":10451,"href":"https:\/\/www.fumssar.com.br\/index.php?rest_route=\/wp\/v2\/posts\/10448\/revisions\/10451"}],"wp:featuredmedia":[{"embeddable":true,"href":"https:\/\/www.fumssar.com.br\/index.php?rest_route=\/wp\/v2\/media\/10449"}],"wp:attachment":[{"href":"https:\/\/www.fumssar.com.br\/index.php?rest_route=%2Fwp%2Fv2%2Fmedia&parent=10448"}],"wp:term":[{"taxonomy":"category","embeddable":true,"href":"https:\/\/www.fumssar.com.br\/index.php?rest_route=%2Fwp%2Fv2%2Fcategories&post=10448"},{"taxonomy":"post_tag","embeddable":true,"href":"https:\/\/www.fumssar.com.br\/index.php?rest_route=%2Fwp%2Fv2%2Ftags&post=10448"}],"curies":[{"name":"wp","href":"https:\/\/api.w.org\/{rel}","templated":true}]}}