{"id":10398,"date":"2017-08-23T15:51:20","date_gmt":"2017-08-23T18:51:20","guid":{"rendered":"http:\/\/www.fumssar.com.br\/?p=10398"},"modified":"2024-10-07T16:35:25","modified_gmt":"2024-10-07T19:35:25","slug":"fumssar-ira-inaugurar-teleoftalmo","status":"publish","type":"post","link":"https:\/\/www.fumssar.com.br\/?p=10398","title":{"rendered":"FUMSSAR ir\u00e1 inaugurar Teleoftalmo"},"content":{"rendered":"<p>Mais um servi\u00e7o de ponta ser\u00e1 entregue \u00e0 comunidade de Santa Rosa e da regi\u00e3o na \u00e1rea oftalmol\u00f3gica. O Projeto Teleoftalmo est\u00e1 sendo desenvolvido ser\u00e1 desenvolvido numa parceria do Hospital Moinhos de Vento com o Minist\u00e9rio da Sa\u00fade, governo do Estado, prefeituras municipais e o Telessa\u00fadeRS-UFRGS, a a\u00e7\u00e3o faz parte do Programa de Apoio ao Desenvolvimento Institucional do Sistema \u00danico de Sa\u00fade (PROADI-SUS).<\/p>\n<p>O os exames ser\u00e3o realizados na FUMSSAR, por uma equipe que j\u00e1 foi capacitada \u00a0para operar os equipamentos e os dados s\u00e3o enviados instantaneamente para Porto Alegre e analisadas por uma equipe de profissionais. No mesmo instante o resultado dos exames s\u00e3o enviados e entregues ao usu\u00e1rio. O projeto tamb\u00e9m prev\u00ea a confec\u00e7\u00e3o de \u00f3culos gratuitos se for necess\u00e1rio.<\/p>\n<p>O diretor da Gest\u00e3o de Planejamento e Participativa, Ademir da Rosa explicou que toda uma estrutura f\u00edsica foi disponibilizada com equipamentos de ponta foi fornecida pelo Hospital Moinhos de Vento.<\/p>\n<p>Para o presidente da FUMSSAR, Anderson Mantei este novo servi\u00e7o ir\u00e1 ofertar qualidade e tamb\u00e9m vai reduzir a fila na especialidade e permitir melhor qualidade de vida para a popula\u00e7\u00e3o. \u201cTeremos aqui em Santa Rosa, um servi\u00e7o com tecnologias avan\u00e7adas na \u00e1rea oftalmol\u00f3gica\u201d destacou Mantei.<\/p>\n<p><b>\u00a0\u00a0\u00a0\u00a0\u00a0\u00a0\u00a0\u00a0 <\/b>O ato inaugural est\u00e1 marcado para dia 30 de agosto de 2017 \u00e0s 10 horas da manh\u00e3.<\/p>\n","protected":false},"excerpt":{"rendered":"<p>Mais um servi\u00e7o de ponta ser\u00e1 entregue \u00e0 comunidade de Santa Rosa e da regi\u00e3o&#8230;<\/p>\n","protected":false},"author":11,"featured_media":10400,"comment_status":"open","ping_status":"open","sticky":false,"template":"","format":"standard","meta":{"footnotes":""},"categories":[2],"tags":[],"_links":{"self":[{"href":"https:\/\/www.fumssar.com.br\/index.php?rest_route=\/wp\/v2\/posts\/10398"}],"collection":[{"href":"https:\/\/www.fumssar.com.br\/index.php?rest_route=\/wp\/v2\/posts"}],"about":[{"href":"https:\/\/www.fumssar.com.br\/index.php?rest_route=\/wp\/v2\/types\/post"}],"author":[{"embeddable":true,"href":"https:\/\/www.fumssar.com.br\/index.php?rest_route=\/wp\/v2\/users\/11"}],"replies":[{"embeddable":true,"href":"https:\/\/www.fumssar.com.br\/index.php?rest_route=%2Fwp%2Fv2%2Fcomments&post=10398"}],"version-history":[{"count":1,"href":"https:\/\/www.fumssar.com.br\/index.php?rest_route=\/wp\/v2\/posts\/10398\/revisions"}],"predecessor-version":[{"id":10401,"href":"https:\/\/www.fumssar.com.br\/index.php?rest_route=\/wp\/v2\/posts\/10398\/revisions\/10401"}],"wp:featuredmedia":[{"embeddable":true,"href":"https:\/\/www.fumssar.com.br\/index.php?rest_route=\/wp\/v2\/media\/10400"}],"wp:attachment":[{"href":"https:\/\/www.fumssar.com.br\/index.php?rest_route=%2Fwp%2Fv2%2Fmedia&parent=10398"}],"wp:term":[{"taxonomy":"category","embeddable":true,"href":"https:\/\/www.fumssar.com.br\/index.php?rest_route=%2Fwp%2Fv2%2Fcategories&post=10398"},{"taxonomy":"post_tag","embeddable":true,"href":"https:\/\/www.fumssar.com.br\/index.php?rest_route=%2Fwp%2Fv2%2Ftags&post=10398"}],"curies":[{"name":"wp","href":"https:\/\/api.w.org\/{rel}","templated":true}]}}