{"id":10389,"date":"2017-08-18T17:36:53","date_gmt":"2017-08-18T20:36:53","guid":{"rendered":"http:\/\/www.fumssar.com.br\/?p=10389"},"modified":"2024-10-07T16:35:25","modified_gmt":"2024-10-07T19:35:25","slug":"fumssar-presente-no-congresso-de-secretarias-municipais-de-saude","status":"publish","type":"post","link":"https:\/\/www.fumssar.com.br\/?p=10389","title":{"rendered":"FUMSSAR presente no Congresso de Secretarias Municipais de Sa\u00fade"},"content":{"rendered":"<p>A FUMSSAR este representada no Congresso de Secretarias Municipais de Sa\u00fade 2017, que foi realizado em \u00a0Porto Alegre \u00a0na semana passada. O diretor da \u00a0Gest\u00e3o da Rede Complementar, D\u00e9lcio Stefan\u00a0 participou do evento que teve como tema: \u201c A Qualidade da Governan\u00e7a do SUS-Autonomia\u00a0 Local, Pactua\u00e7\u00e3o Regional e as Rela\u00e7\u00f5es Institucionais\u201d.<\/p>\n<p>Tamb\u00e9m foi realizado\u00a0 o \u201c 29\u00ba Semin\u00e1rio de Municipaliza\u00e7\u00e3o da Sa\u00fade , bem como a realiza\u00e7\u00e3o de nove oficinas\u00a0 tem\u00e1ticas.\u00a0 No encerramento do evento dia 10\/8 o Conselho Estatual das Secretarias Municipais de Sa\u00fade-COSEMS-RS, lan\u00e7ou a Carta de Porto Alegre, fazendo uma s\u00edntese do Congresso que teve cerca de 800 participantes divididos entre profissionais de sa\u00fade ,lideran\u00e7as e uma \u00a0participa\u00e7\u00e3o muito efetiva de gestores municipais.<\/p>\n<p>D\u00e9lcio Stefan avaliou o evento\u00a0 como de \u00f3tima qualidade tendo em vista os temas abordados e os palestrantes e debatedores com ampla experi\u00eancia e conhecimento nos assuntos abordados.<\/p>\n","protected":false},"excerpt":{"rendered":"<p>A FUMSSAR este representada no Congresso de Secretarias Municipais de Sa\u00fade 2017, que foi realizado&#8230;<\/p>\n","protected":false},"author":11,"featured_media":10390,"comment_status":"open","ping_status":"open","sticky":false,"template":"","format":"standard","meta":{"footnotes":""},"categories":[2],"tags":[],"_links":{"self":[{"href":"https:\/\/www.fumssar.com.br\/index.php?rest_route=\/wp\/v2\/posts\/10389"}],"collection":[{"href":"https:\/\/www.fumssar.com.br\/index.php?rest_route=\/wp\/v2\/posts"}],"about":[{"href":"https:\/\/www.fumssar.com.br\/index.php?rest_route=\/wp\/v2\/types\/post"}],"author":[{"embeddable":true,"href":"https:\/\/www.fumssar.com.br\/index.php?rest_route=\/wp\/v2\/users\/11"}],"replies":[{"embeddable":true,"href":"https:\/\/www.fumssar.com.br\/index.php?rest_route=%2Fwp%2Fv2%2Fcomments&post=10389"}],"version-history":[{"count":1,"href":"https:\/\/www.fumssar.com.br\/index.php?rest_route=\/wp\/v2\/posts\/10389\/revisions"}],"predecessor-version":[{"id":10391,"href":"https:\/\/www.fumssar.com.br\/index.php?rest_route=\/wp\/v2\/posts\/10389\/revisions\/10391"}],"wp:featuredmedia":[{"embeddable":true,"href":"https:\/\/www.fumssar.com.br\/index.php?rest_route=\/wp\/v2\/media\/10390"}],"wp:attachment":[{"href":"https:\/\/www.fumssar.com.br\/index.php?rest_route=%2Fwp%2Fv2%2Fmedia&parent=10389"}],"wp:term":[{"taxonomy":"category","embeddable":true,"href":"https:\/\/www.fumssar.com.br\/index.php?rest_route=%2Fwp%2Fv2%2Fcategories&post=10389"},{"taxonomy":"post_tag","embeddable":true,"href":"https:\/\/www.fumssar.com.br\/index.php?rest_route=%2Fwp%2Fv2%2Ftags&post=10389"}],"curies":[{"name":"wp","href":"https:\/\/api.w.org\/{rel}","templated":true}]}}