{"id":10366,"date":"2017-08-15T14:08:30","date_gmt":"2017-08-15T17:08:30","guid":{"rendered":"http:\/\/www.fumssar.com.br\/?p=10366"},"modified":"2024-10-07T16:35:25","modified_gmt":"2024-10-07T19:35:25","slug":"semana-de-vacinacao-do-adolescente","status":"publish","type":"post","link":"https:\/\/www.fumssar.com.br\/?p=10366","title":{"rendered":"SEMANA DE VACINA\u00c7\u00c3O DO ADOLESCENTE"},"content":{"rendered":"<p>De 21 a 25 de agosto, ocorre em todo o Estado do Rio Grande do Sul, a <b>Semana de Vacina\u00e7\u00e3o do Adolescente<\/b>. A FUMSSAR est\u00e1 intensificando a\u00e7\u00f5es de divulga\u00e7\u00e3o junto \u00e0s escolas, alertando sobre a import\u00e2ncia da vacina\u00e7\u00e3o do p\u00fablico adolescente, avaliando carteiras de vacina\u00e7\u00e3o, buscando adolescentes faltosos.<\/p>\n<p>Adolescentes entre 10 e 19 anos dever\u00e3o atualizar sua caderneta de vacina\u00e7\u00e3o, procurando o posto de sa\u00fade de sua resid\u00eancia. Salienta-se que estas vacinas est\u00e3o dispon\u00edveis o ano todo, no entanto no per\u00edodo de 21 a 25 de agosto as a\u00e7\u00f5es de vacina\u00e7\u00e3o est\u00e3o sendo intensificadas.<\/p>\n<p>Tratando-se de quest\u00f5es relacionadas \u00e0s imuniza\u00e7\u00f5es, os pais costumam seguir o calend\u00e1rio de vacina\u00e7\u00e3o dos filhos rigorosamente quando s\u00e3o crian\u00e7as. Por\u00e9m, depois de atingir os seis anos de idade, momento em que a caderneta costuma ficar completa, muitos deixam de se preocupar com a quest\u00e3o.<\/p>\n<p>Para alguns imunobiol\u00f3gicos, \u00e9 na adolesc\u00eancia que se encontra a necessidade de realizar doses de refor\u00e7o, para manter altos n\u00edveis de prote\u00e7\u00e3o, como exemplo, a vacina contra T\u00e9tano (Vacina dT), meningococo tipo C, contra o papilomav\u00edrus (HPV), entre outras.<\/p>\n<p>No Programa Nacional de Imuniza\u00e7\u00f5es do Minist\u00e9rio da Sa\u00fade h\u00e1 um calend\u00e1rio vacinal destinado a adolescentes entre 10 e 19 anos de idade, e as vacinas indicadas s\u00e3o contra Hepatite B, Difteria e T\u00e9tano, Febre Amarela, Sarampo, Caxumba e Rub\u00e9ola, HPV, e a vacina Meningo C contra meningite.<\/p>\n<p>&nbsp;<\/p>\n","protected":false},"excerpt":{"rendered":"<p>De 21 a 25 de agosto, ocorre em todo o Estado do Rio Grande do&#8230;<\/p>\n","protected":false},"author":11,"featured_media":10367,"comment_status":"open","ping_status":"open","sticky":false,"template":"","format":"standard","meta":{"footnotes":""},"categories":[2],"tags":[],"_links":{"self":[{"href":"https:\/\/www.fumssar.com.br\/index.php?rest_route=\/wp\/v2\/posts\/10366"}],"collection":[{"href":"https:\/\/www.fumssar.com.br\/index.php?rest_route=\/wp\/v2\/posts"}],"about":[{"href":"https:\/\/www.fumssar.com.br\/index.php?rest_route=\/wp\/v2\/types\/post"}],"author":[{"embeddable":true,"href":"https:\/\/www.fumssar.com.br\/index.php?rest_route=\/wp\/v2\/users\/11"}],"replies":[{"embeddable":true,"href":"https:\/\/www.fumssar.com.br\/index.php?rest_route=%2Fwp%2Fv2%2Fcomments&post=10366"}],"version-history":[{"count":1,"href":"https:\/\/www.fumssar.com.br\/index.php?rest_route=\/wp\/v2\/posts\/10366\/revisions"}],"predecessor-version":[{"id":10368,"href":"https:\/\/www.fumssar.com.br\/index.php?rest_route=\/wp\/v2\/posts\/10366\/revisions\/10368"}],"wp:featuredmedia":[{"embeddable":true,"href":"https:\/\/www.fumssar.com.br\/index.php?rest_route=\/wp\/v2\/media\/10367"}],"wp:attachment":[{"href":"https:\/\/www.fumssar.com.br\/index.php?rest_route=%2Fwp%2Fv2%2Fmedia&parent=10366"}],"wp:term":[{"taxonomy":"category","embeddable":true,"href":"https:\/\/www.fumssar.com.br\/index.php?rest_route=%2Fwp%2Fv2%2Fcategories&post=10366"},{"taxonomy":"post_tag","embeddable":true,"href":"https:\/\/www.fumssar.com.br\/index.php?rest_route=%2Fwp%2Fv2%2Ftags&post=10366"}],"curies":[{"name":"wp","href":"https:\/\/api.w.org\/{rel}","templated":true}]}}