{"id":10351,"date":"2017-08-04T16:17:25","date_gmt":"2017-08-04T19:17:25","guid":{"rendered":"http:\/\/www.fumssar.com.br\/?p=10351"},"modified":"2024-10-07T16:35:25","modified_gmt":"2024-10-07T19:35:25","slug":"inaugurado-o-novo-posto-de-saude-da-comunidade-de-manchinha","status":"publish","type":"post","link":"https:\/\/www.fumssar.com.br\/?p=10351","title":{"rendered":"Inaugurado o novo Posto de Sa\u00fade da comunidade de Manchinha"},"content":{"rendered":"<p>A comunidade do Lajeado Manchinha recebeu da administra\u00e7\u00e3o municipal, atrav\u00e9s da FUMSSAR as novas instala\u00e7\u00f5es do posto de \u00a0sa\u00fade avan\u00e7ado. O ato inaugural foi realizado na manh\u00e3 de sexta-feira, 04 contando com a presen\u00e7a de autoridades, lideran\u00e7as e de membros da comunidade.<\/p>\n<p>A amplia\u00e7\u00e3o do \u00a0posto era uma reivindica\u00e7\u00e3o antiga da comunidade, mas n\u00e3o era vi\u00e1vel na edifica\u00e7\u00e3o em que funcionava. Houve o entendimento com outras lideran\u00e7as na utiliza\u00e7\u00e3o de uma escola que estava desativada na comunidade. Foram investidos cerca R$ 247 mil para a reforma do pr\u00e9dio, tornando um ambiente bem mais amplo e moderno para o atendimento aos usu\u00e1rios do Sistema P\u00fablico de Sa\u00fade.<\/p>\n<p>Em seu pronunciamento o Presidente da FUMSSAR, Anderson Mantei parabenizou a comunidade, que firmou parceria com o poder p\u00fablico para que a obra fosse viabilizada. Mantei destacou tamb\u00e9m a soma de muitos esfor\u00e7os de outros \u00f3rg\u00e3os na realiza\u00e7\u00e3o dos trabalhos. \u201cPrecisamos manter parcerias com nossas comunidades para que juntos possamos viabilizar mais servi\u00e7os\u201d destacou o presidente.<\/p>\n<p>O Prefeito Alcides Vicini fez um balan\u00e7o das atividades de seu governo, destacando o cuidado que tem na aplica\u00e7\u00e3o dos recursos \u00a0que atualmente est\u00e3o cada vez mais escassos. Vicini ressaltou que mesmo com a crise geral que atinge todo o pa\u00eds muitas coisas positivas est\u00e3o acontecendo em Santa Rosa em prol da popula\u00e7\u00e3o. \u201c Temos que agradecer pelas coisas boas que acontecem aqui, pois temos muito cuidado com cada centavo arrecadado\u201d frisou o prefeito.<\/p>\n<p><a href=\"http:\/\/www.fumssar.com.br\/wp-content\/uploads\/2017\/08\/inaugura-man-2.jpg\"><img loading=\"lazy\" decoding=\"async\" class=\"alignnone size-medium wp-image-10353\" alt=\"inaugura man 2\" src=\"http:\/\/www.fumssar.com.br\/wp-content\/uploads\/2017\/08\/inaugura-man-2-300x199.jpg\" width=\"300\" height=\"199\" srcset=\"https:\/\/www.fumssar.com.br\/wp-content\/uploads\/2017\/08\/inaugura-man-2-300x199.jpg 300w, https:\/\/www.fumssar.com.br\/wp-content\/uploads\/2017\/08\/inaugura-man-2.jpg 800w\" sizes=\"(max-width: 300px) 100vw, 300px\" \/><\/a><\/p>\n","protected":false},"excerpt":{"rendered":"<p>A comunidade do Lajeado Manchinha recebeu da administra\u00e7\u00e3o municipal, atrav\u00e9s da FUMSSAR as novas instala\u00e7\u00f5es&#8230;<\/p>\n","protected":false},"author":11,"featured_media":10352,"comment_status":"open","ping_status":"open","sticky":false,"template":"","format":"standard","meta":{"footnotes":""},"categories":[2],"tags":[],"_links":{"self":[{"href":"https:\/\/www.fumssar.com.br\/index.php?rest_route=\/wp\/v2\/posts\/10351"}],"collection":[{"href":"https:\/\/www.fumssar.com.br\/index.php?rest_route=\/wp\/v2\/posts"}],"about":[{"href":"https:\/\/www.fumssar.com.br\/index.php?rest_route=\/wp\/v2\/types\/post"}],"author":[{"embeddable":true,"href":"https:\/\/www.fumssar.com.br\/index.php?rest_route=\/wp\/v2\/users\/11"}],"replies":[{"embeddable":true,"href":"https:\/\/www.fumssar.com.br\/index.php?rest_route=%2Fwp%2Fv2%2Fcomments&post=10351"}],"version-history":[{"count":1,"href":"https:\/\/www.fumssar.com.br\/index.php?rest_route=\/wp\/v2\/posts\/10351\/revisions"}],"predecessor-version":[{"id":10354,"href":"https:\/\/www.fumssar.com.br\/index.php?rest_route=\/wp\/v2\/posts\/10351\/revisions\/10354"}],"wp:featuredmedia":[{"embeddable":true,"href":"https:\/\/www.fumssar.com.br\/index.php?rest_route=\/wp\/v2\/media\/10352"}],"wp:attachment":[{"href":"https:\/\/www.fumssar.com.br\/index.php?rest_route=%2Fwp%2Fv2%2Fmedia&parent=10351"}],"wp:term":[{"taxonomy":"category","embeddable":true,"href":"https:\/\/www.fumssar.com.br\/index.php?rest_route=%2Fwp%2Fv2%2Fcategories&post=10351"},{"taxonomy":"post_tag","embeddable":true,"href":"https:\/\/www.fumssar.com.br\/index.php?rest_route=%2Fwp%2Fv2%2Ftags&post=10351"}],"curies":[{"name":"wp","href":"https:\/\/api.w.org\/{rel}","templated":true}]}}