{"id":10338,"date":"2017-07-28T15:53:42","date_gmt":"2017-07-28T18:53:42","guid":{"rendered":"http:\/\/www.fumssar.com.br\/?p=10338"},"modified":"2024-10-07T16:35:25","modified_gmt":"2024-10-07T19:35:25","slug":"encontro-discutiu-saude-do-trabalhador","status":"publish","type":"post","link":"https:\/\/www.fumssar.com.br\/?p=10338","title":{"rendered":"Encontro discutiu sa\u00fade do trabalhador"},"content":{"rendered":"<p>Realizou-se no dia 27 de julho de 2017 um encontro com a equipe da 14\u00aa CRS e munic\u00edpios de abrang\u00eancia, Equipe do Cerest Fronteira Noroeste,da FUMSSAR e \u00a0as M\u00e9dicas Luciana e Virg\u00ednia t\u00e9cnicas da CEVS \u2013 CEREST Estadual.<\/p>\n<p>Na oportunidade foram discutidas as a\u00e7\u00f5es de cuidado e preven\u00e7\u00e3o da sa\u00fade do trabalhador, a import\u00e2ncia das notifica\u00e7\u00f5es das doen\u00e7as e agravos relacionados ao trabalho e tamb\u00e9m foram apresentadas as a\u00e7\u00f5es realizadas pelo CEREST Fronteira Noroeste.<\/p>\n<p>De acordo com a Coordenadora do CEREST Adriana Peres Ulzafar essa foi uma atividade muito importante, pois fortalece o v\u00ednculo entre o Cerest e seus munic\u00edpios de abrang\u00eancia, intensificando assim as a\u00e7\u00f5es de promo\u00e7\u00e3o da Sa\u00fade do Trabalhador.<\/p>\n<p>Ap\u00f3s as discuss\u00f5es foi realizada uma visita na obra do novo pr\u00e9dio do CEREST Fronteira Noroeste.<\/p>\n<p>&nbsp;<\/p>\n","protected":false},"excerpt":{"rendered":"<p>Realizou-se no dia 27 de julho de 2017 um encontro com a equipe da 14\u00aa&#8230;<\/p>\n","protected":false},"author":11,"featured_media":10339,"comment_status":"open","ping_status":"open","sticky":false,"template":"","format":"standard","meta":{"footnotes":""},"categories":[2],"tags":[],"_links":{"self":[{"href":"https:\/\/www.fumssar.com.br\/index.php?rest_route=\/wp\/v2\/posts\/10338"}],"collection":[{"href":"https:\/\/www.fumssar.com.br\/index.php?rest_route=\/wp\/v2\/posts"}],"about":[{"href":"https:\/\/www.fumssar.com.br\/index.php?rest_route=\/wp\/v2\/types\/post"}],"author":[{"embeddable":true,"href":"https:\/\/www.fumssar.com.br\/index.php?rest_route=\/wp\/v2\/users\/11"}],"replies":[{"embeddable":true,"href":"https:\/\/www.fumssar.com.br\/index.php?rest_route=%2Fwp%2Fv2%2Fcomments&post=10338"}],"version-history":[{"count":1,"href":"https:\/\/www.fumssar.com.br\/index.php?rest_route=\/wp\/v2\/posts\/10338\/revisions"}],"predecessor-version":[{"id":10340,"href":"https:\/\/www.fumssar.com.br\/index.php?rest_route=\/wp\/v2\/posts\/10338\/revisions\/10340"}],"wp:featuredmedia":[{"embeddable":true,"href":"https:\/\/www.fumssar.com.br\/index.php?rest_route=\/wp\/v2\/media\/10339"}],"wp:attachment":[{"href":"https:\/\/www.fumssar.com.br\/index.php?rest_route=%2Fwp%2Fv2%2Fmedia&parent=10338"}],"wp:term":[{"taxonomy":"category","embeddable":true,"href":"https:\/\/www.fumssar.com.br\/index.php?rest_route=%2Fwp%2Fv2%2Fcategories&post=10338"},{"taxonomy":"post_tag","embeddable":true,"href":"https:\/\/www.fumssar.com.br\/index.php?rest_route=%2Fwp%2Fv2%2Ftags&post=10338"}],"curies":[{"name":"wp","href":"https:\/\/api.w.org\/{rel}","templated":true}]}}