{"id":10331,"date":"2017-07-26T15:57:21","date_gmt":"2017-07-26T18:57:21","guid":{"rendered":"http:\/\/www.fumssar.com.br\/?p=10331"},"modified":"2024-10-07T16:35:26","modified_gmt":"2024-10-07T19:35:26","slug":"atividades-marcaram-o-dia-do-motorista-na-fumssar","status":"publish","type":"post","link":"https:\/\/www.fumssar.com.br\/?p=10331","title":{"rendered":"Atividades marcaram o \u201cDia do Motorista na FUMSSAR\u201d."},"content":{"rendered":"<p>A Funda\u00e7\u00e3o Municipal de Sa\u00fade de Santa Rosa (FUMSSAR), em parceria com o Centro de Refer\u00eancia em Sa\u00fade do Trabalhador (CEREST), realizaram no final da tarde do dia 25 de julho no audit\u00f3rio da FUMSSAR, uma atividade de Educa\u00e7\u00e3o Permanente em Sa\u00fade do Trabalhador com os motoristas .<br \/>\nNa oportunidade foram abordados temas como psicologia do tr\u00e2nsito, comportamento no tr\u00e2nsito e dicas de alongamentos e ergonomia.<br \/>\nA atividade foi alusiva ao dia do motorista, com a finalidade de garantir uma capacita\u00e7\u00e3o cont\u00ednua bem como reconhecer o trabalho exercido por esses profissionais.<\/p>\n<p>O diretor da Gest\u00e3o Estrat\u00e9gica e Planejamento da FUMSSAR, Ademir Rosa destacou a import\u00e2ncia do evento e que as orienta\u00e7\u00f5es repassadas s\u00e3o de extrema utilidade no dia a dia desta categoria. O diretor ressaltou ainda que diariamente v\u00e1rios motoristas percorrem muitos kilom\u00eatros em busca de proporcionar uma melhoria na qualidade de vida dos usu\u00e1rios do SUS.<\/p>\n<p>&nbsp;<\/p>\n","protected":false},"excerpt":{"rendered":"<p>A Funda\u00e7\u00e3o Municipal de Sa\u00fade de Santa Rosa (FUMSSAR), em parceria com o Centro de&#8230;<\/p>\n","protected":false},"author":11,"featured_media":10332,"comment_status":"open","ping_status":"open","sticky":false,"template":"","format":"standard","meta":{"footnotes":""},"categories":[2],"tags":[],"_links":{"self":[{"href":"https:\/\/www.fumssar.com.br\/index.php?rest_route=\/wp\/v2\/posts\/10331"}],"collection":[{"href":"https:\/\/www.fumssar.com.br\/index.php?rest_route=\/wp\/v2\/posts"}],"about":[{"href":"https:\/\/www.fumssar.com.br\/index.php?rest_route=\/wp\/v2\/types\/post"}],"author":[{"embeddable":true,"href":"https:\/\/www.fumssar.com.br\/index.php?rest_route=\/wp\/v2\/users\/11"}],"replies":[{"embeddable":true,"href":"https:\/\/www.fumssar.com.br\/index.php?rest_route=%2Fwp%2Fv2%2Fcomments&post=10331"}],"version-history":[{"count":1,"href":"https:\/\/www.fumssar.com.br\/index.php?rest_route=\/wp\/v2\/posts\/10331\/revisions"}],"predecessor-version":[{"id":10333,"href":"https:\/\/www.fumssar.com.br\/index.php?rest_route=\/wp\/v2\/posts\/10331\/revisions\/10333"}],"wp:featuredmedia":[{"embeddable":true,"href":"https:\/\/www.fumssar.com.br\/index.php?rest_route=\/wp\/v2\/media\/10332"}],"wp:attachment":[{"href":"https:\/\/www.fumssar.com.br\/index.php?rest_route=%2Fwp%2Fv2%2Fmedia&parent=10331"}],"wp:term":[{"taxonomy":"category","embeddable":true,"href":"https:\/\/www.fumssar.com.br\/index.php?rest_route=%2Fwp%2Fv2%2Fcategories&post=10331"},{"taxonomy":"post_tag","embeddable":true,"href":"https:\/\/www.fumssar.com.br\/index.php?rest_route=%2Fwp%2Fv2%2Ftags&post=10331"}],"curies":[{"name":"wp","href":"https:\/\/api.w.org\/{rel}","templated":true}]}}