{"id":10306,"date":"2017-07-11T11:09:14","date_gmt":"2017-07-11T14:09:14","guid":{"rendered":"http:\/\/www.fumssar.com.br\/?p=10306"},"modified":"2024-10-07T16:35:26","modified_gmt":"2024-10-07T19:35:26","slug":"agentes-de-saude-e-de-endemias-participaram-de-atividade","status":"publish","type":"post","link":"https:\/\/www.fumssar.com.br\/?p=10306","title":{"rendered":"Agentes  de sa\u00fade e de endemias  participaram de atividade"},"content":{"rendered":"<p><b>Na tarde do dia 07 de julho a FUMSSAR em parceria com o CEREST FRONTEIRA NOROESTE, realizaram no Parque de Exposi\u00e7\u00f5es uma atividade de Educa\u00e7\u00e3o Permanente em Sa\u00fade do Trabalhador para os Agentes Comunit\u00e1rios de Sa\u00fade e\u00a0 os Agentes de Combate a Endemias.<\/b><\/p>\n<p><b>Na atividade foram repassados orienta\u00e7\u00f5es de alongamentos, gin\u00e1stica laboral, din\u00e2micas sobre motiva\u00e7\u00e3o e comprometimento. Al\u00e9m da equipe do CEREST tamb\u00e9m esteve envolvido na atividade o Educador F\u00edsico Rog\u00e9rio dos Santos.<\/b><\/p>\n<p><b>Ao final da atividade foi realizado um lanche coletivo e sorteio de brindes que foram ofertados pela SENAC.<\/b><\/p>\n<p><b>\u00a0\u00a0\u00a0\u00a0\u00a0\u00a0\u00a0\u00a0 A diretora da Aten\u00e7\u00e3o Prim\u00e1ria em Sa\u00fade, Alice Hofferber frisou que as atividades fazem parte de um processo de capacita\u00e7\u00e3o visando o bem estar dos servidores. <\/b><\/p>\n","protected":false},"excerpt":{"rendered":"<p>Na tarde do dia 07 de julho a FUMSSAR em parceria com o CEREST FRONTEIRA&#8230;<\/p>\n","protected":false},"author":11,"featured_media":10307,"comment_status":"open","ping_status":"open","sticky":false,"template":"","format":"standard","meta":{"footnotes":""},"categories":[2],"tags":[],"_links":{"self":[{"href":"https:\/\/www.fumssar.com.br\/index.php?rest_route=\/wp\/v2\/posts\/10306"}],"collection":[{"href":"https:\/\/www.fumssar.com.br\/index.php?rest_route=\/wp\/v2\/posts"}],"about":[{"href":"https:\/\/www.fumssar.com.br\/index.php?rest_route=\/wp\/v2\/types\/post"}],"author":[{"embeddable":true,"href":"https:\/\/www.fumssar.com.br\/index.php?rest_route=\/wp\/v2\/users\/11"}],"replies":[{"embeddable":true,"href":"https:\/\/www.fumssar.com.br\/index.php?rest_route=%2Fwp%2Fv2%2Fcomments&post=10306"}],"version-history":[{"count":1,"href":"https:\/\/www.fumssar.com.br\/index.php?rest_route=\/wp\/v2\/posts\/10306\/revisions"}],"predecessor-version":[{"id":10308,"href":"https:\/\/www.fumssar.com.br\/index.php?rest_route=\/wp\/v2\/posts\/10306\/revisions\/10308"}],"wp:featuredmedia":[{"embeddable":true,"href":"https:\/\/www.fumssar.com.br\/index.php?rest_route=\/wp\/v2\/media\/10307"}],"wp:attachment":[{"href":"https:\/\/www.fumssar.com.br\/index.php?rest_route=%2Fwp%2Fv2%2Fmedia&parent=10306"}],"wp:term":[{"taxonomy":"category","embeddable":true,"href":"https:\/\/www.fumssar.com.br\/index.php?rest_route=%2Fwp%2Fv2%2Fcategories&post=10306"},{"taxonomy":"post_tag","embeddable":true,"href":"https:\/\/www.fumssar.com.br\/index.php?rest_route=%2Fwp%2Fv2%2Ftags&post=10306"}],"curies":[{"name":"wp","href":"https:\/\/api.w.org\/{rel}","templated":true}]}}