{"id":10303,"date":"2017-07-05T15:31:32","date_gmt":"2017-07-05T18:31:32","guid":{"rendered":"http:\/\/www.fumssar.com.br\/?p=10303"},"modified":"2024-10-07T16:35:26","modified_gmt":"2024-10-07T19:35:26","slug":"direcao-do-alibem-e-do-cerest-estiveram-reunidos","status":"publish","type":"post","link":"https:\/\/www.fumssar.com.br\/?p=10303","title":{"rendered":"Dire\u00e7\u00e3o do ALIBEM e do CEREST estiveram reunidos"},"content":{"rendered":"<p>Na manh\u00e3 de quarta-feira,05, estiveram reunidos integrantes do Centro Regional Especializado Regional Especializado em Sa\u00fade do Trabalhador-CEREST, Fronteira Noroeste da FUMSSAR, e o Dire\u00e7\u00e3o do Frigor\u00edfico ALIBEM.<\/p>\n<p>No encontro foram debatidas a\u00e7\u00f5es e atividades que envolvam as quest\u00f5es voltadas a sa\u00fade do trabalhador. A equipe do CEREST apresentou os servi\u00e7os prestados pela entidade na regi\u00e3o.<\/p>\n<p>O diretor da Gest\u00e3o da Rede Complementar da FUMSSAR, D\u00e9lcio Stefan ressaltou que \u00a0os servi\u00e7os est\u00e3o sendo ampliados bem como o CEREST em breve ter\u00e1 uma sede pr\u00f3pria com um local bem mais amplo podendo melhorar ainda mais os atendimentos.<\/p>\n<p>O diretor administrativo do ALIBEM\u00a0 Angelo Rog\u00e9rio Meneghtti frisou a empresa pretende uma aproxima\u00e7\u00e3o maior com o CEREST para possibilitar a constru\u00e7\u00e3o de melhorias da gest\u00e3o de sa\u00fade e seguran\u00e7a para os trabalhadores da empresa.<\/p>\n","protected":false},"excerpt":{"rendered":"<p>Na manh\u00e3 de quarta-feira,05, estiveram reunidos integrantes do Centro Regional Especializado Regional Especializado em Sa\u00fade&#8230;<\/p>\n","protected":false},"author":11,"featured_media":10304,"comment_status":"open","ping_status":"open","sticky":false,"template":"","format":"standard","meta":{"footnotes":""},"categories":[2],"tags":[],"_links":{"self":[{"href":"https:\/\/www.fumssar.com.br\/index.php?rest_route=\/wp\/v2\/posts\/10303"}],"collection":[{"href":"https:\/\/www.fumssar.com.br\/index.php?rest_route=\/wp\/v2\/posts"}],"about":[{"href":"https:\/\/www.fumssar.com.br\/index.php?rest_route=\/wp\/v2\/types\/post"}],"author":[{"embeddable":true,"href":"https:\/\/www.fumssar.com.br\/index.php?rest_route=\/wp\/v2\/users\/11"}],"replies":[{"embeddable":true,"href":"https:\/\/www.fumssar.com.br\/index.php?rest_route=%2Fwp%2Fv2%2Fcomments&post=10303"}],"version-history":[{"count":1,"href":"https:\/\/www.fumssar.com.br\/index.php?rest_route=\/wp\/v2\/posts\/10303\/revisions"}],"predecessor-version":[{"id":10305,"href":"https:\/\/www.fumssar.com.br\/index.php?rest_route=\/wp\/v2\/posts\/10303\/revisions\/10305"}],"wp:featuredmedia":[{"embeddable":true,"href":"https:\/\/www.fumssar.com.br\/index.php?rest_route=\/wp\/v2\/media\/10304"}],"wp:attachment":[{"href":"https:\/\/www.fumssar.com.br\/index.php?rest_route=%2Fwp%2Fv2%2Fmedia&parent=10303"}],"wp:term":[{"taxonomy":"category","embeddable":true,"href":"https:\/\/www.fumssar.com.br\/index.php?rest_route=%2Fwp%2Fv2%2Fcategories&post=10303"},{"taxonomy":"post_tag","embeddable":true,"href":"https:\/\/www.fumssar.com.br\/index.php?rest_route=%2Fwp%2Fv2%2Ftags&post=10303"}],"curies":[{"name":"wp","href":"https:\/\/api.w.org\/{rel}","templated":true}]}}