{"id":10142,"date":"2017-06-09T14:52:15","date_gmt":"2017-06-09T17:52:15","guid":{"rendered":"http:\/\/www.fumssar.com.br\/?p=10142"},"modified":"2024-10-07T16:35:26","modified_gmt":"2024-10-07T19:35:26","slug":"cerest-e-fumssar-promoveram-curso-na-area-de-saude-do-trabalhador","status":"publish","type":"post","link":"https:\/\/www.fumssar.com.br\/?p=10142","title":{"rendered":"CEREST e FUMSSAR promoveram curso na \u00e1rea de sa\u00fade do trabalhador"},"content":{"rendered":"<p><b><sub>\u00a0\u00a0\u00a0\u00a0\u00a0\u00a0\u00a0\u00a0\u00a0\u00a0\u00a0\u00a0\u00a0\u00a0 <\/sub><\/b><b><sub>\u00a0\u00a0\u00a0<\/sub><\/b>O CEREST\u00a0 Fronteira Noroeste\u00a0 e a Funda\u00e7\u00e3o Municipal de Sa\u00fade de Santa Rosa &#8211; FUMSSAR promoveram\u00a0 \u00a0o \u00a0\u00a0\u201c Curso de A\u00e7\u00f5es B\u00e1sicas de Vigil\u00e2ncia em Sa\u00fade do Trabalhador\u201d.<\/p>\n<p>O Curso\u00a0 foi ministrado pelas multiplicadoras especialistas em Sa\u00fade do Trabalhador <i>Regina Dal Castel Pinheiro e <\/i>Sheila Fernanda Madeira<i> do Estado de SC, <\/i>\u00a0\u00a0e foi realizado\u00a0 no Audit\u00f3rio do N\u00facleo de Ensino e Pesquisa da FUMSSAR, de 05 \u00e0 09 de junho passado, somando uma \u00a0carga hor\u00e1ria\u00a0 de 36h.<\/p>\n<p><i>O Objetivo do curso foi capacitar os profissionais relacionados a Sa\u00fade do Trabalhador<\/i>, a desenvolver \u00a0a\u00e7\u00f5es de vigil\u00e2ncia em ambientes de trabalho, visando a promo\u00e7\u00e3o da sa\u00fade e a redu\u00e7\u00e3o da mortalidade da popula\u00e7\u00e3o trabalhadora, atrav\u00e9s de interven\u00e7\u00f5es que alertem os poss\u00edveis agravos e seus determinantes no desenvolvimento de processos produtivos. Participaram do curso os profissionais do CEREST e profissionais da Sa\u00fade dos munic\u00edpios de abrang\u00eancia.<\/p>\n<p><sub>\u00a0<\/sub><\/p>\n","protected":false},"excerpt":{"rendered":"<p>\u00a0\u00a0\u00a0\u00a0\u00a0\u00a0\u00a0\u00a0\u00a0\u00a0\u00a0\u00a0\u00a0\u00a0 \u00a0\u00a0\u00a0O CEREST\u00a0 Fronteira Noroeste\u00a0 e a Funda\u00e7\u00e3o Municipal de Sa\u00fade de Santa Rosa &#8211;&#8230;<\/p>\n","protected":false},"author":11,"featured_media":10143,"comment_status":"open","ping_status":"open","sticky":false,"template":"","format":"standard","meta":{"footnotes":""},"categories":[2],"tags":[],"_links":{"self":[{"href":"https:\/\/www.fumssar.com.br\/index.php?rest_route=\/wp\/v2\/posts\/10142"}],"collection":[{"href":"https:\/\/www.fumssar.com.br\/index.php?rest_route=\/wp\/v2\/posts"}],"about":[{"href":"https:\/\/www.fumssar.com.br\/index.php?rest_route=\/wp\/v2\/types\/post"}],"author":[{"embeddable":true,"href":"https:\/\/www.fumssar.com.br\/index.php?rest_route=\/wp\/v2\/users\/11"}],"replies":[{"embeddable":true,"href":"https:\/\/www.fumssar.com.br\/index.php?rest_route=%2Fwp%2Fv2%2Fcomments&post=10142"}],"version-history":[{"count":1,"href":"https:\/\/www.fumssar.com.br\/index.php?rest_route=\/wp\/v2\/posts\/10142\/revisions"}],"predecessor-version":[{"id":10144,"href":"https:\/\/www.fumssar.com.br\/index.php?rest_route=\/wp\/v2\/posts\/10142\/revisions\/10144"}],"wp:featuredmedia":[{"embeddable":true,"href":"https:\/\/www.fumssar.com.br\/index.php?rest_route=\/wp\/v2\/media\/10143"}],"wp:attachment":[{"href":"https:\/\/www.fumssar.com.br\/index.php?rest_route=%2Fwp%2Fv2%2Fmedia&parent=10142"}],"wp:term":[{"taxonomy":"category","embeddable":true,"href":"https:\/\/www.fumssar.com.br\/index.php?rest_route=%2Fwp%2Fv2%2Fcategories&post=10142"},{"taxonomy":"post_tag","embeddable":true,"href":"https:\/\/www.fumssar.com.br\/index.php?rest_route=%2Fwp%2Fv2%2Ftags&post=10142"}],"curies":[{"name":"wp","href":"https:\/\/api.w.org\/{rel}","templated":true}]}}