{"id":10100,"date":"2017-05-05T16:13:38","date_gmt":"2017-05-05T19:13:38","guid":{"rendered":"http:\/\/www.fumssar.com.br\/?p=10100"},"modified":"2017-06-05T16:16:09","modified_gmt":"2017-06-05T19:16:09","slug":"edital-152017-inexigibilidade","status":"publish","type":"post","link":"https:\/\/www.fumssar.com.br\/?p=10100","title":{"rendered":"Edital n\u00ba 15\/2017 &#8211; Inexigibilidade"},"content":{"rendered":"<p>Edital n\u00ba 15\/2017 &#8211; Inexigibilidade<\/p>\n<p align=\"justify\"><span style=\"font-family: Calibri, serif\"><span><span style=\"font-family: Arial, serif\"><b>CONTRATADO: <\/b><\/span><span style=\"font-family: Arial, serif\">ADILES DA SILVA LIMA<\/span><\/span><\/span><\/p>\n<p align=\"justify\"><span style=\"font-family: Calibri, serif\"><span><span style=\"font-family: Arial, serif\"><b>CPF:<\/b><\/span><span style=\"font-family: Arial, serif\"> 131.027.960-87<\/span><\/span><\/span><\/p>\n<p align=\"justify\"><span style=\"font-family: Calibri, serif\"><span><span style=\"font-family: Arial, serif\"><b>OBJETO: <\/b><\/span><span style=\"font-family: Arial, serif\">Contrata\u00e7\u00e3o de pessoa f\u00edsica para ministrar palestra no Projeto: A Influ\u00eancia da Popula\u00e7\u00e3o Negra na Cultura Ga\u00facha \u2013 Uma hist\u00f3ria Invis\u00edvel.<\/span><\/span><\/span><\/p>\n<p align=\"justify\">\u00a0<span style=\"font-family: Arial, serif\"><b>CONTRATADO: <\/b><\/span><span style=\"font-family: Arial, serif\">LUIZ CLA\u00daDIO NUNES KNIERIM<\/span><\/p>\n<p align=\"justify\"><span style=\"font-family: Calibri, serif\"><span><span style=\"font-family: Arial, serif\"><b>CPF:<\/b><\/span><span style=\"font-family: Arial, serif\"> 303.998.580-91<\/span><\/span><\/span><\/p>\n<p align=\"justify\"><span style=\"font-family: Calibri, serif\"><span><span style=\"font-family: Arial, serif\"><b>OBJETO: <\/b><\/span><span style=\"font-family: Arial, serif\">Contrata\u00e7\u00e3o de pessoa f\u00edsica para ministrar palestra no Projeto: A Influ\u00eancia da Popula\u00e7\u00e3o Negra na Cultura Ga\u00facha \u2013 Uma hist\u00f3ria Invis\u00edvel.<\/span><\/span><\/span><\/p>\n<p align=\"justify\"><a href=\"http:\/\/www.fumssar.com.br\/wp-content\/uploads\/2017\/06\/EDITAL-015-Inexigibilidade-PALESTRA.pdf\">EDITAL 015 Inexigibilidade PALESTRA<\/a><\/p>\n","protected":false},"excerpt":{"rendered":"<p>Edital n\u00ba 15\/2017 &#8211; Inexigibilidade CONTRATADO: ADILES DA SILVA LIMA CPF: 131.027.960-87 OBJETO: Contrata\u00e7\u00e3o de&#8230;<\/p>\n","protected":false},"author":7,"featured_media":0,"comment_status":"open","ping_status":"open","sticky":false,"template":"","format":"standard","meta":{"footnotes":""},"categories":[86],"tags":[],"_links":{"self":[{"href":"https:\/\/www.fumssar.com.br\/index.php?rest_route=\/wp\/v2\/posts\/10100"}],"collection":[{"href":"https:\/\/www.fumssar.com.br\/index.php?rest_route=\/wp\/v2\/posts"}],"about":[{"href":"https:\/\/www.fumssar.com.br\/index.php?rest_route=\/wp\/v2\/types\/post"}],"author":[{"embeddable":true,"href":"https:\/\/www.fumssar.com.br\/index.php?rest_route=\/wp\/v2\/users\/7"}],"replies":[{"embeddable":true,"href":"https:\/\/www.fumssar.com.br\/index.php?rest_route=%2Fwp%2Fv2%2Fcomments&post=10100"}],"version-history":[{"count":2,"href":"https:\/\/www.fumssar.com.br\/index.php?rest_route=\/wp\/v2\/posts\/10100\/revisions"}],"predecessor-version":[{"id":10103,"href":"https:\/\/www.fumssar.com.br\/index.php?rest_route=\/wp\/v2\/posts\/10100\/revisions\/10103"}],"wp:attachment":[{"href":"https:\/\/www.fumssar.com.br\/index.php?rest_route=%2Fwp%2Fv2%2Fmedia&parent=10100"}],"wp:term":[{"taxonomy":"category","embeddable":true,"href":"https:\/\/www.fumssar.com.br\/index.php?rest_route=%2Fwp%2Fv2%2Fcategories&post=10100"},{"taxonomy":"post_tag","embeddable":true,"href":"https:\/\/www.fumssar.com.br\/index.php?rest_route=%2Fwp%2Fv2%2Ftags&post=10100"}],"curies":[{"name":"wp","href":"https:\/\/api.w.org\/{rel}","templated":true}]}}