{"id":9976,"date":"2017-05-23T16:27:40","date_gmt":"2017-05-23T19:27:40","guid":{"rendered":"http:\/\/www.fumssar.com.br\/?p=9976"},"modified":"2024-10-07T16:35:27","modified_gmt":"2024-10-07T19:35:27","slug":"campanha-de-vacinacao-contra-a-gripe-termina-nesta-sexta-feira-26-no-rs-708-do-publico-alvo-se-vacinou","status":"publish","type":"post","link":"http:\/\/www.fumssar.com.br\/?p=9976","title":{"rendered":"Campanha de vacina\u00e7\u00e3o contra a gripe termina nesta sexta-feira (26); no RS 70,8% do p\u00fablico-alvo se vacinou"},"content":{"rendered":"<div align=\"center\">\n<table width=\"100%\" border=\"0\" cellspacing=\"0\" cellpadding=\"0\">\n<tbody>\n<tr>\n<td>\n<div align=\"center\">\n<table width=\"99%\" border=\"0\" cellspacing=\"0\" cellpadding=\"0\">\n<tbody>\n<tr>\n<td>A Campanha de Vacina\u00e7\u00e3o contra a influenza termina no pr\u00f3ximo dia 26\/05. Balan\u00e7o do Minist\u00e9rio da Sa\u00fade indica que, at\u00e9 esta segunda-feira (22\/05), foram aplicadas cerca de 1,9 milh\u00f5es doses da vacina no Rio Grande do Sul, atingindo 70,8% do p\u00fablico. Quem faz parte do grupo priorit\u00e1rio e ainda n\u00e3o se vacinou contra a gripe, tem at\u00e9 esta sexta-feira para ir a um posto e garantir a sua prote\u00e7\u00e3o.<\/p>\n<p>No Brasil, 30,6 milh\u00f5es de pessoas foram vacinadas. Esse total considera todos os grupos com indica\u00e7\u00e3o para a vacina, incluindo popula\u00e7\u00e3o privada de liberdade, funcion\u00e1rios do sistema prisional e pessoas com comorbidades. O p\u00fablico-alvo da campanha no pa\u00eds, que n\u00e3o considera esses grupos, \u00e9 de 54,2 milh\u00f5es de pessoas. Desse total, 58,2% foram vacinados.<\/p>\n<p>A meta, neste ano, \u00e9 vacinar 90% desse p\u00fablico at\u00e9 o dia 26 de maio, quando termina a campanha. Para isso, o Minist\u00e9rio da Sa\u00fade adquiriu 60 milh\u00f5es de doses da vacina, garantindo estoque suficiente para a vacina\u00e7\u00e3o em todo o pa\u00eds. A coordenadora Nacional do Programa Nacional de Imuniza\u00e7\u00f5es do Minist\u00e9rio da Sa\u00fade, Carla Domingues, alerta sobre a import\u00e2ncia do p\u00fablico-alvo se imunizar dentro do prazo de vacina\u00e7\u00e3o para evitar a gripe e seus poss\u00edveis agravamentos. \u201c\u00c9 de fundamental import\u00e2ncia que a popula\u00e7\u00e3o-alvo busque, o quanto antes, os postos de vacina\u00e7\u00e3o para garantir a prote\u00e7\u00e3o contra a influenza, principalmente neste per\u00edodo, que antecede o inverno\u201d, destacou.<\/p>\n<p>At\u00e9 o momento, nenhum grupo priorit\u00e1rio atingiu a meta de vacina\u00e7\u00e3o. Entre os p\u00fablicos-alvo, os idosos registraram a maior cobertura vacinal, com 14 milh\u00f5es de doses aplicadas, o que representa 67,1% deste p\u00fablico, seguido pelas pu\u00e9rperas (65,4%) e trabalhadores de sa\u00fade (59,4%). Os grupos que menos se vacinaram s\u00e3o ind\u00edgenas (37,1%), crian\u00e7as (44,9%), gestantes (49,2%) e professores (52,4%). Al\u00e9m do grupo priorit\u00e1rio, tamb\u00e9m foram aplicadas 6,2 milh\u00f5es de doses nos grupos de pessoas com comorbidades, popula\u00e7\u00e3o privada de liberdade e trabalhadores do sistema prisional.<\/p>\n<p>&nbsp;<\/p>\n<p>Os estados com a maior cobertura de vacina\u00e7\u00e3o no pa\u00eds, at\u00e9 o momento, s\u00e3o: Amap\u00e1 (79,4%), Paran\u00e1 (74,1%), Santa Catarina (72,3%), Rio Grande do Sul (70,8%), e Goi\u00e1s (66%). J\u00e1 os estados com menor cobertura s\u00e3o: Roraima (41,5%), Par\u00e1 (44,3%), Rond\u00f4nia (44,6%), Rio de Janeiro (45,8%), Mato Grosso (48,5%), Acre (48,6%) e Piau\u00ed (50,4%).<\/p>\n<p>&nbsp;<\/p>\n<p>Desde o dia 17 de abril, a vacina contra a gripe est\u00e1 dispon\u00edvel nos postos de vacina\u00e7\u00e3o para crian\u00e7as de seis meses a menores de cinco anos; pessoas com 60 anos ou mais; trabalhadores de sa\u00fade; povos ind\u00edgenas; gestantes, pu\u00e9rperas (at\u00e9 45 dias ap\u00f3s o parto); popula\u00e7\u00e3o privada de liberdade; funcion\u00e1rios do sistema prisional, pessoas portadoras de doen\u00e7as cr\u00f4nicas n\u00e3o transmiss\u00edveis ou com outras condi\u00e7\u00f5es cl\u00ednicas especiais, al\u00e9m dos professores que s\u00e3o a novidade deste ano.<\/p>\n<p>&nbsp;<\/p>\n<p>Os portadores de doen\u00e7as cr\u00f4nicas n\u00e3o transmiss\u00edveis, que inclui pessoas com defici\u00eancias espec\u00edficas devem apresentar prescri\u00e7\u00e3o m\u00e9dica no ato da vacina\u00e7\u00e3o. Pacientes cadastrados em programas de controle das doen\u00e7as cr\u00f4nicas do Sistema \u00danico de Sa\u00fade (SUS) dever\u00e3o se dirigir aos postos em que est\u00e3o registrados para receber a vacina, sem a necessidade de prescri\u00e7\u00e3o m\u00e9dica. A escolha dos grupos priorit\u00e1rios segue recomenda\u00e7\u00e3o da Organiza\u00e7\u00e3o Mundial da Sa\u00fade (OMS). Essa defini\u00e7\u00e3o tamb\u00e9m \u00e9 respaldada por estudos epidemiol\u00f3gicos e pela observa\u00e7\u00e3o do comportamento das infec\u00e7\u00f5es respirat\u00f3rias, que t\u00eam como principal agente os v\u00edrus da gripe. S\u00e3o priorizados os grupos mais suscet\u00edveis ao agravamento de doen\u00e7as respirat\u00f3rias.\u00a0<\/p>\n<p>&nbsp;<\/p>\n<p><b>SEGURAN\u00c7A <\/b>&#8211; A vacina disponibilizada pelo Minist\u00e9rio da Sa\u00fade em 2015 protege contra os tr\u00eas subtipos do v\u00edrus da gripe determinados pela OMS para este ano (A\/H1N1; A\/H3N2 e influenza B). A vacina contra influenza \u00e9 segura e tamb\u00e9m \u00e9 considerada uma das medidas mais eficazes na preven\u00e7\u00e3o de complica\u00e7\u00f5es e casos graves de gripe. Estudos demonstram que a vacina\u00e7\u00e3o pode reduzir entre 32% e 45% o n\u00famero de hospitaliza\u00e7\u00f5es por pneumonias e de 39% a 75% a mortalidade por complica\u00e7\u00f5es da influenza.<\/p>\n<p>&nbsp;<\/p>\n<p>Como o organismo leva, em m\u00e9dia, de duas a tr\u00eas semanas para criar os anticorpos que geram prote\u00e7\u00e3o contra a gripe ap\u00f3s a vacina\u00e7\u00e3o, o ideal \u00e9 realizar a imuniza\u00e7\u00e3o antes do in\u00edcio do inverno. O per\u00edodo de maior circula\u00e7\u00e3o da gripe vai do final de maio at\u00e9 agosto.<\/p>\n<p>&nbsp;<\/p>\n<p><b>PREVEN\u00c7\u00c3O <\/b>&#8211; A transmiss\u00e3o dos v\u00edrus influenza acontece por meio do contato com secre\u00e7\u00f5es das vias respirat\u00f3rias, eliminadas pela pessoa contaminada ao falar, tossir ou espirrar. Tamb\u00e9m ocorre por meio das m\u00e3os e objetos contaminados, quando entram em contato com mucosas (boca, olhos, nariz). \u00c0 popula\u00e7\u00e3o em geral, o Minist\u00e9rio da Sa\u00fade orienta a ado\u00e7\u00e3o de cuidados simples como medida de preven\u00e7\u00e3o para evitar a doen\u00e7a, como: lavar as m\u00e3os v\u00e1rias vezes ao dia; cobrir o nariz e a boca ao tossir e espirrar; evitar tocar o rosto; n\u00e3o compartilhar objetos de uso pessoal; al\u00e9m de evitar locais com aglomera\u00e7\u00e3o de pessoas.<\/p>\n<p>&nbsp;<\/p>\n<p>\u00c9 importante lembrar que, mesmo pessoas vacinadas, ao apresentarem os sintomas da gripe &#8211; especialmente se s\u00e3o integrantes de grupos mais vulner\u00e1veis \u00e0s complica\u00e7\u00f5es &#8211; devem procurar, imediatamente, o m\u00e9dico. Os sintomas da gripe s\u00e3o: febre, tosse ou dor na garganta, al\u00e9m de outros, como dor de cabe\u00e7a, dor muscular e nas articula\u00e7\u00f5es. J\u00e1 o agravamento pode ser identificado por falta de ar, febre por mais de tr\u00eas dias, piora de sintomas gastrointestinais, dor muscular intensa e prostra\u00e7\u00e3o.\u00a0<\/p>\n<p>&nbsp;<\/p>\n<p>Assessoria de Comunica\u00e7\u00e3o FUMSSAR<\/td>\n<\/tr>\n<tr>\n<td>Fonte- Minist\u00e9rio da Sa\u00fade<\/td>\n<\/tr>\n<\/tbody>\n<\/table>\n<\/div>\n<\/td>\n<\/tr>\n<\/tbody>\n<\/table>\n<\/div>\n<p>&nbsp;<\/p>\n","protected":false},"excerpt":{"rendered":"<p>A Campanha de Vacina\u00e7\u00e3o contra a influenza termina no pr\u00f3ximo dia 26\/05. Balan\u00e7o do Minist\u00e9rio&#8230;<\/p>\n","protected":false},"author":11,"featured_media":9977,"comment_status":"open","ping_status":"open","sticky":false,"template":"","format":"standard","meta":{"footnotes":""},"categories":[2],"tags":[],"_links":{"self":[{"href":"http:\/\/www.fumssar.com.br\/index.php?rest_route=\/wp\/v2\/posts\/9976"}],"collection":[{"href":"http:\/\/www.fumssar.com.br\/index.php?rest_route=\/wp\/v2\/posts"}],"about":[{"href":"http:\/\/www.fumssar.com.br\/index.php?rest_route=\/wp\/v2\/types\/post"}],"author":[{"embeddable":true,"href":"http:\/\/www.fumssar.com.br\/index.php?rest_route=\/wp\/v2\/users\/11"}],"replies":[{"embeddable":true,"href":"http:\/\/www.fumssar.com.br\/index.php?rest_route=%2Fwp%2Fv2%2Fcomments&post=9976"}],"version-history":[{"count":1,"href":"http:\/\/www.fumssar.com.br\/index.php?rest_route=\/wp\/v2\/posts\/9976\/revisions"}],"predecessor-version":[{"id":9978,"href":"http:\/\/www.fumssar.com.br\/index.php?rest_route=\/wp\/v2\/posts\/9976\/revisions\/9978"}],"wp:featuredmedia":[{"embeddable":true,"href":"http:\/\/www.fumssar.com.br\/index.php?rest_route=\/wp\/v2\/media\/9977"}],"wp:attachment":[{"href":"http:\/\/www.fumssar.com.br\/index.php?rest_route=%2Fwp%2Fv2%2Fmedia&parent=9976"}],"wp:term":[{"taxonomy":"category","embeddable":true,"href":"http:\/\/www.fumssar.com.br\/index.php?rest_route=%2Fwp%2Fv2%2Fcategories&post=9976"},{"taxonomy":"post_tag","embeddable":true,"href":"http:\/\/www.fumssar.com.br\/index.php?rest_route=%2Fwp%2Fv2%2Ftags&post=9976"}],"curies":[{"name":"wp","href":"https:\/\/api.w.org\/{rel}","templated":true}]}}