{"id":9973,"date":"2017-05-23T16:25:26","date_gmt":"2017-05-23T19:25:26","guid":{"rendered":"http:\/\/www.fumssar.com.br\/?p=9973"},"modified":"2024-10-07T16:35:27","modified_gmt":"2024-10-07T19:35:27","slug":"brasil-e-primeiro-pais-a-criar-metas-para-a-decada-da-nutricao","status":"publish","type":"post","link":"http:\/\/www.fumssar.com.br\/?p=9973","title":{"rendered":"Brasil \u00e9 primeiro pa\u00eds a criar metas para a D\u00e9cada da Nutri\u00e7\u00e3o"},"content":{"rendered":"<p>&nbsp;<\/p>\n<div align=\"center\">\n<table width=\"100%\" border=\"0\" cellspacing=\"0\" cellpadding=\"0\">\n<tbody>\n<tr>\n<td>\n<div align=\"center\">\n<table width=\"99%\" border=\"0\" cellspacing=\"0\" cellpadding=\"0\">\n<tbody>\n<tr>\n<td>\n<div align=\"center\">\n<table width=\"210\" border=\"0\" cellspacing=\"0\" cellpadding=\"0\">\n<tbody>\n<tr>\n<td><\/td>\n<\/tr>\n<tr>\n<td><\/td>\n<\/tr>\n<tr>\n<td><\/td>\n<\/tr>\n<\/tbody>\n<\/table>\n<\/div>\n<p>O Brasil tornou-se, nesta segunda-feira (22), o primeiro pa\u00eds a se comprometer formalmente com metas espec\u00edficas para a D\u00e9cada de A\u00e7\u00e3o em Nutri\u00e7\u00e3o da Organiza\u00e7\u00e3o das Na\u00e7\u00f5es Unidas (ONU). Durante a Assembleia Mundial da Sa\u00fade, realizada pela Organiza\u00e7\u00e3o Mundial da Sa\u00fade (OMS), em Genebra (Su\u00ed\u00e7a), o ministro da Sa\u00fade, Ricardo Barros, declarou o compromisso brasileiro com tr\u00eas metas de nutri\u00e7\u00e3o para 2019, bem como apresentou a\u00e7\u00f5es concretas a serem implementadas para atingir os objetivos estabelecidos.<\/p>\n<p>\u201cCom o prop\u00f3sito de fortalecer a D\u00e9cada de A\u00e7\u00e3o das Na\u00e7\u00f5es Unidas para a Nutri\u00e7\u00e3o, o Brasil foi o primeiro pa\u00eds a formalizar junto \u00e0 OMS compromissos SMART, que assumimos nessa mat\u00e9ria, e que s\u00e3o: deter o crescimento da obesidade na popula\u00e7\u00e3o adulta at\u00e9 2019, reduzir o consumo regular de refrigerantes e suco artificial em, pelo menos, 30% da popula\u00e7\u00e3o adulta, e ampliar o percentual de adultos que consomem frutas e hortali\u00e7as regularmente em, no m\u00ednimo, 17%\u201d, declarou o ministro.<\/p>\n<p>Os compromissos assumidos pelo Brasil foram recebidos por Oleg Chestnov, Assistente Diretor-Geral para Doen\u00e7as n\u00e3o transmiss\u00edveis da OMS, e por Carissa Etienne, Diretora da Organiza\u00e7\u00e3o Pan-Americana da Sa\u00fade (OPAS), bra\u00e7o da OMS nas Am\u00e9ricas. \u201cA parte mais importante da D\u00e9cada da Nutri\u00e7\u00e3o \u00e9 a\u00e7\u00e3o, e o Brasil \u00e9 o primeiro a fazer compromissos SMART [espec\u00edficos, mensur\u00e1veis, ating\u00edveis, relevantes e com prazo]. Esperamos que v\u00e1rios outros sigam o exemplo\u201d, declarou Chestnov.<\/p>\n<p>A diretora da OPAS, por sua vez, destacou que doen\u00e7as n\u00e3o transmiss\u00edveis s\u00e3o a maior causa de mortes prematuras nas Am\u00e9ricas. \u201cEu espero que outros pa\u00edses da regi\u00e3o sigam o Brasil e deem passos para implementar esses tipos de a\u00e7\u00f5es. Estou orgulhosa de que a regi\u00e3o das Am\u00e9ricas esteja tomando a lideran\u00e7a na D\u00e9cada de A\u00e7\u00e3o em Nutri\u00e7\u00e3o, e OPAS e OMS est\u00e3o prontos para ajudar a implementar esses compromissos\u201d, declarou Etienne.<\/p>\n<p>As metas assumidas t\u00eam rela\u00e7\u00e3o com obesidade e h\u00e1bitos alimentares dos brasileiros. A primeira delas \u00e9 deter o crescimento da obesidade na popula\u00e7\u00e3o adulta por meio de pol\u00edticas de sa\u00fade e seguran\u00e7a alimentar e nutricional. O segundo compromisso \u00e9 reduzir o consumo regular de refrigerante e suco artificial em pelo menos 30% na popula\u00e7\u00e3o adulta. Por fim, o Brasil se comprometeu a ampliar o percentual de adultos que consomem frutas e hortali\u00e7as regularmente em no m\u00ednimo 17,8%.<\/p>\n<p>Para atingir essas metas, o pa\u00eds tomar\u00e1 diversas medidas, apresentadas por Ricardo Barros durante seu discurso na assembleia e elogiadas pela OMS. Essas a\u00e7\u00f5es incluem medidas fiscais (redu\u00e7\u00f5es de impostos e cria\u00e7\u00e3o de subs\u00eddios) que reduzam o pre\u00e7o de alimentos frescos, cr\u00e9dito para a agricultura familiar e concess\u00e3o de benef\u00edcios a pessoas de baixa renda para que possam comprar alimentos frescos.<\/p>\n<p>O governo brasileiro tamb\u00e9m se comprometeu a oferecer refei\u00e7\u00f5es mais saud\u00e1veis e educa\u00e7\u00e3o nutricional a crian\u00e7as nas escolas p\u00fablicas, bem como a aumentar a compra de produtos da agricultura familiar por parte do poder p\u00fablico. Novos materiais educativos sobre alimenta\u00e7\u00e3o saud\u00e1vel ser\u00e3o desenvolvidos e distribu\u00eddos \u00e0 popula\u00e7\u00e3o, professores e trabalhadores.<\/p>\n<p>Outra medida importante a ser tomada \u00e9 a redu\u00e7\u00e3o da quantidade de sal e a\u00e7\u00facar em alimentos processados, bem como a revis\u00e3o da pol\u00edtica de regula\u00e7\u00e3o de embalagens, de modo que as quantidades de a\u00e7\u00facar sejam apresentadas em destaque na \u00e1rea frontal. Tamb\u00e9m ser\u00e1 regulada a promo\u00e7\u00e3o de alimentos e bebidas voltados para crian\u00e7as, al\u00e9m de restringidas a venda e a propaganda de produtos processados em ambientes de sa\u00fade e de educa\u00e7\u00e3o, assim como em reparti\u00e7\u00f5es p\u00fablicas.<\/p>\n<p>Por fim, ser\u00e3o tomadas medidas no sentido de promover a amamenta\u00e7\u00e3o por meio das unidades b\u00e1sicas de sa\u00fade, aumentar o n\u00famero de unidades para pr\u00e1tica de atividades f\u00edsicas e melhorar o acesso ao cuidado de pessoas com sobrepeso ou obesidade. A D\u00e9cada da Nutri\u00e7\u00e3o, proclamada pela Assembleia Geral da ONU em abril de 2016, \u00e9 uma estrutura para a cria\u00e7\u00e3o de compromissos, acompanhamento de progressos e refor\u00e7o da presta\u00e7\u00e3o de contas m\u00fatua em conformidade com a linha global de metas de nutri\u00e7\u00e3o.<\/p>\n<p><b>ASSEMBLEIA <\/b>\u2013 O evento, que segue at\u00e9 31 de maio, abordar\u00e1 diversos temas, como sistemas de sa\u00fade, obesidade, emerg\u00eancias em sa\u00fade, doen\u00e7as transmiss\u00edveis, entre outros. O encontro re\u00fane os 194 pa\u00edses membros da OMS com o objetivo de debater temas emergentes da sa\u00fade mundial. Paralelamente \u00e0s reuni\u00f5es da Assembleia, o ministro Ricardo Barros cumprir\u00e1 tamb\u00e9m dez agendas bilaterais com pa\u00edses como Portugal, Ir\u00e3, Haiti, Congo, Estados Unidos e Canad\u00e1. Os encontros abordar\u00e3o diversos assuntos e poder\u00e3o contar com assinatura de documentos de coopera\u00e7\u00e3o.<\/p>\n<p>Nessa edi\u00e7\u00e3o da Assembleia Mundial da Sa\u00fade, haver\u00e1 a elei\u00e7\u00e3o do novo diretor do Conselho Executivo da OMS. Em janeiro, a organiza\u00e7\u00e3o selecionou tr\u00eas candidatos para concorrer ao cargo. Est\u00e3o na disputa o assessor especial do Primeiro-Ministro da Eti\u00f3pia, Tedros Adhanom, a ex-ministra de Sa\u00fade do Paquist\u00e3o, Sania Nishta, e o assessor especial do Secret\u00e1rio-geral das Na\u00e7\u00f5es Unidas, o brit\u00e2nico David Nabarro.<\/p>\n<p>Assessoria de Comunica\u00e7\u00e3o FUMSSAR<\/td>\n<\/tr>\n<\/tbody>\n<\/table>\n<\/div>\n<\/td>\n<\/tr>\n<tr>\n<td>\n<p align=\"right\">\n<p align=\"right\">\n<p align=\"right\">23\/05\/2017<\/p>\n<\/td>\n<\/tr>\n<tr>\n<td>\n<p align=\"right\">Fonte: MINIST\u00c9RIO DA SA\u00daDE<\/p>\n<\/td>\n<\/tr>\n<\/tbody>\n<\/table>\n<\/div>\n","protected":false},"excerpt":{"rendered":"<p>&nbsp; O Brasil tornou-se, nesta segunda-feira (22), o primeiro pa\u00eds a se comprometer formalmente com&#8230;<\/p>\n","protected":false},"author":11,"featured_media":9974,"comment_status":"open","ping_status":"open","sticky":false,"template":"","format":"standard","meta":{"footnotes":""},"categories":[2],"tags":[],"_links":{"self":[{"href":"http:\/\/www.fumssar.com.br\/index.php?rest_route=\/wp\/v2\/posts\/9973"}],"collection":[{"href":"http:\/\/www.fumssar.com.br\/index.php?rest_route=\/wp\/v2\/posts"}],"about":[{"href":"http:\/\/www.fumssar.com.br\/index.php?rest_route=\/wp\/v2\/types\/post"}],"author":[{"embeddable":true,"href":"http:\/\/www.fumssar.com.br\/index.php?rest_route=\/wp\/v2\/users\/11"}],"replies":[{"embeddable":true,"href":"http:\/\/www.fumssar.com.br\/index.php?rest_route=%2Fwp%2Fv2%2Fcomments&post=9973"}],"version-history":[{"count":1,"href":"http:\/\/www.fumssar.com.br\/index.php?rest_route=\/wp\/v2\/posts\/9973\/revisions"}],"predecessor-version":[{"id":9975,"href":"http:\/\/www.fumssar.com.br\/index.php?rest_route=\/wp\/v2\/posts\/9973\/revisions\/9975"}],"wp:featuredmedia":[{"embeddable":true,"href":"http:\/\/www.fumssar.com.br\/index.php?rest_route=\/wp\/v2\/media\/9974"}],"wp:attachment":[{"href":"http:\/\/www.fumssar.com.br\/index.php?rest_route=%2Fwp%2Fv2%2Fmedia&parent=9973"}],"wp:term":[{"taxonomy":"category","embeddable":true,"href":"http:\/\/www.fumssar.com.br\/index.php?rest_route=%2Fwp%2Fv2%2Fcategories&post=9973"},{"taxonomy":"post_tag","embeddable":true,"href":"http:\/\/www.fumssar.com.br\/index.php?rest_route=%2Fwp%2Fv2%2Ftags&post=9973"}],"curies":[{"name":"wp","href":"https:\/\/api.w.org\/{rel}","templated":true}]}}