{"id":9937,"date":"2017-05-19T17:36:24","date_gmt":"2017-05-19T20:36:24","guid":{"rendered":"http:\/\/www.fumssar.com.br\/?p=9937"},"modified":"2024-10-07T16:35:27","modified_gmt":"2024-10-07T19:35:27","slug":"fumssar-escolheu-representantes-para-o-conselho-do-previrosa","status":"publish","type":"post","link":"http:\/\/www.fumssar.com.br\/?p=9937","title":{"rendered":"FUMSSAR escolheu representantes para o Conselho do PREVIROSA"},"content":{"rendered":"<p>Escolhidos por elei\u00e7\u00e3o os representantes\u00a0 dos servidores da FUMSSAR , para o Conselho Deliberativo do PREVIROSA. Foram escolhidos um Conselheiro titular e um suplente em elei\u00e7\u00e3o realizada durante a sexta-feira,19. O processo eleitoral ocorreu de forma secreta onde durante todo o dia os servidores da FUMSSAR,aptos a votar compareceram ao Centro Administrativo da institui\u00e7\u00e3o e tamb\u00e9m em duas urnas volantes que circularam nas unidades. O resultado da elei\u00e7\u00e3o foi o seguinte:<\/p>\n<p>Total de Votantes: 239<\/p>\n<p>Regis Roberto Machado Bonmann- Titular- 169 votos<\/p>\n<p>Tanisse Frakele Trasel Herrmann- Suplente-34 votos<\/p>\n<p>&nbsp;<\/p>\n<p>\u00a0Helena Maria Meinart,- 25 votos<\/p>\n<p>Lisiane Jurach- 10 votos<\/p>\n<p>Voto nulo-1<\/p>\n<p>O mandato\u00a0 dos eleitos ser\u00e1 para dois anos. O processo eleitoral foi todo montado por uma comiss\u00e3o e a elei\u00e7\u00e3o foi acompanhada pelo Presidente do PREVIROSA&lt; Salatiel Oliveira. O presidente da FUMSSAR, Anderson Mantei prestigiou o processo.<\/p>\n","protected":false},"excerpt":{"rendered":"<p>Escolhidos por elei\u00e7\u00e3o os representantes\u00a0 dos servidores da FUMSSAR , para o Conselho Deliberativo do&#8230;<\/p>\n","protected":false},"author":11,"featured_media":9938,"comment_status":"open","ping_status":"open","sticky":false,"template":"","format":"standard","meta":{"footnotes":""},"categories":[2],"tags":[],"_links":{"self":[{"href":"http:\/\/www.fumssar.com.br\/index.php?rest_route=\/wp\/v2\/posts\/9937"}],"collection":[{"href":"http:\/\/www.fumssar.com.br\/index.php?rest_route=\/wp\/v2\/posts"}],"about":[{"href":"http:\/\/www.fumssar.com.br\/index.php?rest_route=\/wp\/v2\/types\/post"}],"author":[{"embeddable":true,"href":"http:\/\/www.fumssar.com.br\/index.php?rest_route=\/wp\/v2\/users\/11"}],"replies":[{"embeddable":true,"href":"http:\/\/www.fumssar.com.br\/index.php?rest_route=%2Fwp%2Fv2%2Fcomments&post=9937"}],"version-history":[{"count":1,"href":"http:\/\/www.fumssar.com.br\/index.php?rest_route=\/wp\/v2\/posts\/9937\/revisions"}],"predecessor-version":[{"id":9939,"href":"http:\/\/www.fumssar.com.br\/index.php?rest_route=\/wp\/v2\/posts\/9937\/revisions\/9939"}],"wp:featuredmedia":[{"embeddable":true,"href":"http:\/\/www.fumssar.com.br\/index.php?rest_route=\/wp\/v2\/media\/9938"}],"wp:attachment":[{"href":"http:\/\/www.fumssar.com.br\/index.php?rest_route=%2Fwp%2Fv2%2Fmedia&parent=9937"}],"wp:term":[{"taxonomy":"category","embeddable":true,"href":"http:\/\/www.fumssar.com.br\/index.php?rest_route=%2Fwp%2Fv2%2Fcategories&post=9937"},{"taxonomy":"post_tag","embeddable":true,"href":"http:\/\/www.fumssar.com.br\/index.php?rest_route=%2Fwp%2Fv2%2Ftags&post=9937"}],"curies":[{"name":"wp","href":"https:\/\/api.w.org\/{rel}","templated":true}]}}