{"id":9931,"date":"2017-05-15T11:02:16","date_gmt":"2017-05-15T14:02:16","guid":{"rendered":"http:\/\/www.fumssar.com.br\/?p=9931"},"modified":"2017-05-19T11:05:52","modified_gmt":"2017-05-19T14:05:52","slug":"dispensa-162017","status":"publish","type":"post","link":"http:\/\/www.fumssar.com.br\/?p=9931","title":{"rendered":"Dispensa 16\/2017"},"content":{"rendered":"<p align=\"center\"><span style=\"font-family: Calibri, serif\"><span><span style=\"font-family: Arial, serif\"><b>EDITAL N\u00ba 16\/2017<\/b><\/span><\/span><\/span><\/p>\n<p align=\"center\"><span style=\"font-family: Calibri, serif\"><span><span style=\"font-family: Arial, serif\"><b>DISPENSA DE LICITA\u00c7\u00c3O<\/b><\/span><\/span><\/span><\/p>\n<p align=\"justify\"><span style=\"font-family: Calibri, serif\"><span><span style=\"font-family: Arial, serif\"><b>CONTRATANTE: <\/b><\/span><span style=\"font-family: Arial, serif\">Funda\u00e7\u00e3o Municipal de Sa\u00fade de Santa Rosa \u2013 FUMSSAR<\/span><\/span><\/span><\/p>\n<p align=\"justify\"><span style=\"font-family: Calibri, serif\"><span><span style=\"font-family: Arial, serif\"><b>PROCESSO ADMINISTRATIVO N.\u00ba: <\/b><\/span><span style=\"font-family: Arial, serif\">949\/2017 de 29\/03\/2017<\/span><\/span><\/span><\/p>\n<p align=\"justify\"><span style=\"font-family: Calibri, serif\"><span><span style=\"font-family: Arial, serif\"><b>CONTRATADO: <\/b><\/span><span style=\"font-family: Arial, serif\">REGINA DAL CASTEL PINHEIRO<\/span><\/span><\/span><\/p>\n<p align=\"justify\"><span style=\"font-family: Calibri, serif\"><span><span style=\"font-family: Arial, serif\"><b>CPF:<\/b><\/span><span style=\"font-family: Arial, serif\"> 454.480.000-53<\/span><\/span><\/span><\/p>\n<p align=\"justify\"><span style=\"font-family: Calibri, serif\"><span><span style=\"font-family: Arial, serif\"><b>OBJETO: <\/b><\/span><span style=\"font-family: Arial, serif\">Contrata\u00e7\u00e3o de pessoa f\u00edsica para ministrar palestra no Curso de Capacita\u00e7\u00e3o em A\u00e7\u00f5es B\u00e1sicas de Vigil\u00e2ncia em Sa\u00fade do Trabalhador.<\/span><\/span><\/span><\/p>\n<p align=\"justify\"><span style=\"font-family: Calibri, serif\"><span><span style=\"font-family: Arial, serif\"><b>PER\u00cdODO: <\/b><\/span><span style=\"font-family: Arial, serif\">05 \u00e0 09 de junho de 2017.<\/span><\/span><\/span><\/p>\n<p align=\"justify\"><span style=\"font-family: Calibri, serif\"><span><span style=\"font-family: Arial, serif\"><b>VALOR: <\/b><\/span><span style=\"font-family: Arial, serif\">R$ 3.360,00<\/span><\/span><\/span><\/p>\n<p align=\"justify\"><span style=\"font-family: Calibri, serif\"><span><span style=\"font-family: Arial, serif\"><b>FUNDAMENTO LEGAL: <\/b><\/span><span style=\"font-family: Arial, serif\">Com base no art. 24, inc. II, da Lei Federal n.\u00ba 8.666\/93 e suas altera\u00e7\u00f5es posteriores.<\/span><\/span><\/span><\/p>\n<p align=\"justify\">\n<p align=\"justify\"><span style=\"font-family: Arial, serif\"><b>CONTRATANTE: <\/b><\/span><span style=\"font-family: Arial, serif\">Funda\u00e7\u00e3o Municipal de Sa\u00fade de Santa Rosa \u2013 FUMSSAR<\/span><\/p>\n<p align=\"justify\"><span style=\"font-family: Calibri, serif\"><span><span style=\"font-family: Arial, serif\"><b>PROCESSO ADMINISTRATIVO N.\u00ba: <\/b><\/span><span style=\"font-family: Arial, serif\">949\/2017 de 29\/03\/2017<\/span><\/span><\/span><\/p>\n<p align=\"justify\"><span style=\"font-family: Calibri, serif\"><span><span style=\"font-family: Arial, serif\"><b>CONTRATADO: <\/b><\/span><span style=\"font-family: Arial, serif\">SHEILA FERNANDA MADEIRA<\/span><\/span><\/span><\/p>\n<p align=\"justify\"><span style=\"font-family: Calibri, serif\"><span><span style=\"font-family: Arial, serif\"><b>CPF:<\/b><\/span><span style=\"font-family: Arial, serif\"> 020.469.879-00<\/span><\/span><\/span><\/p>\n<p align=\"justify\"><span style=\"font-family: Calibri, serif\"><span><span style=\"font-family: Arial, serif\"><b>OBJETO: <\/b><\/span><span style=\"font-family: Arial, serif\">Contrata\u00e7\u00e3o de pessoa f\u00edsica para ministrar palestra no Curso de Capacita\u00e7\u00e3o em A\u00e7\u00f5es B\u00e1sicas de Vigil\u00e2ncia em Sa\u00fade do Trabalhador.<\/span><\/span><\/span><\/p>\n<p align=\"justify\"><span style=\"font-family: Calibri, serif\"><span><span style=\"font-family: Arial, serif\"><b>PER\u00cdODO: <\/b><\/span><span style=\"font-family: Arial, serif\">05 \u00e0 09 de junho de 2017.<\/span><\/span><\/span><\/p>\n<p align=\"justify\"><span style=\"font-family: Calibri, serif\"><span><span style=\"font-family: Arial, serif\"><b>VALOR: <\/b><\/span><span style=\"font-family: Arial, serif\">R$ 3.360,00<\/span><\/span><\/span><\/p>\n<p align=\"justify\"><span style=\"font-family: Calibri, serif\"><span><span style=\"font-family: Arial, serif\"><b>FUNDAMENTO LEGAL: <\/b><\/span><span style=\"font-family: Arial, serif\">Com base no art. 24, inc. II, da Lei Federal n.\u00ba 8.666\/93 e suas altera\u00e7\u00f5es posteriores.<\/span><\/span><\/span><\/p>\n<p align=\"right\"><span style=\"font-family: Arial, serif\">Santa Rosa, 15 de Maio de 2017.<\/span><\/p>\n<p align=\"center\">\n<p align=\"center\"><span style=\"font-family: Arial, serif\">_________________________________<\/span><\/p>\n<p align=\"center\"><span style=\"font-family: Calibri, serif\"><span><span style=\"font-family: Arial, serif\">Rog\u00e9rio Silva dos Santos<\/span><\/span><\/span><\/p>\n<p align=\"center\"><span style=\"font-family: Calibri, serif\"><span><span style=\"font-family: Arial, serif\">Presidente, Substituto.<\/span><\/span><\/span><\/p>\n","protected":false},"excerpt":{"rendered":"<p>EDITAL N\u00ba 16\/2017 DISPENSA DE LICITA\u00c7\u00c3O CONTRATANTE: Funda\u00e7\u00e3o Municipal de Sa\u00fade de Santa Rosa \u2013&#8230;<\/p>\n","protected":false},"author":7,"featured_media":0,"comment_status":"open","ping_status":"open","sticky":false,"template":"","format":"standard","meta":{"footnotes":""},"categories":[85],"tags":[],"_links":{"self":[{"href":"http:\/\/www.fumssar.com.br\/index.php?rest_route=\/wp\/v2\/posts\/9931"}],"collection":[{"href":"http:\/\/www.fumssar.com.br\/index.php?rest_route=\/wp\/v2\/posts"}],"about":[{"href":"http:\/\/www.fumssar.com.br\/index.php?rest_route=\/wp\/v2\/types\/post"}],"author":[{"embeddable":true,"href":"http:\/\/www.fumssar.com.br\/index.php?rest_route=\/wp\/v2\/users\/7"}],"replies":[{"embeddable":true,"href":"http:\/\/www.fumssar.com.br\/index.php?rest_route=%2Fwp%2Fv2%2Fcomments&post=9931"}],"version-history":[{"count":2,"href":"http:\/\/www.fumssar.com.br\/index.php?rest_route=\/wp\/v2\/posts\/9931\/revisions"}],"predecessor-version":[{"id":9933,"href":"http:\/\/www.fumssar.com.br\/index.php?rest_route=\/wp\/v2\/posts\/9931\/revisions\/9933"}],"wp:attachment":[{"href":"http:\/\/www.fumssar.com.br\/index.php?rest_route=%2Fwp%2Fv2%2Fmedia&parent=9931"}],"wp:term":[{"taxonomy":"category","embeddable":true,"href":"http:\/\/www.fumssar.com.br\/index.php?rest_route=%2Fwp%2Fv2%2Fcategories&post=9931"},{"taxonomy":"post_tag","embeddable":true,"href":"http:\/\/www.fumssar.com.br\/index.php?rest_route=%2Fwp%2Fv2%2Ftags&post=9931"}],"curies":[{"name":"wp","href":"https:\/\/api.w.org\/{rel}","templated":true}]}}