{"id":9923,"date":"2017-05-18T10:00:01","date_gmt":"2017-05-18T13:00:01","guid":{"rendered":"http:\/\/www.fumssar.com.br\/?p=9923"},"modified":"2024-10-07T16:35:27","modified_gmt":"2024-10-07T19:35:27","slug":"saude-da-mulher-foi-tema-de-conferencia-em-santa-rosa","status":"publish","type":"post","link":"http:\/\/www.fumssar.com.br\/?p=9923","title":{"rendered":"Sa\u00fade da mulher foi tema de confer\u00eancia em Santa Rosa"},"content":{"rendered":"<p>Realizada nesta quarta- feira, 17 a 1\u00aa Confer\u00eancia Municipal da Sa\u00fade da Mulher.o evento foi realizado no audit\u00f3rio do Campus 2 da Fema.Durante toda a tarde,mulheres,profissionais diversos,lideran\u00e7as e p\u00fablico em geral,discutiram o tema que contou com uma palestra da Dr\u00aa. V\u00e2nia Roman,m\u00e9dica da FUMSSAR, e com discuss\u00f5es em grupos.<\/p>\n<p>A Confer\u00eancia\u00a0 foi organizada pela administra\u00e7\u00e3o municipal,atrav\u00e9s da FUMSSAR,Conselho Municipal de Sa\u00fade,Conselho Municipal dos Direitos da Mulher e demais entidades.<\/p>\n<p>Autoridades e lideran\u00e7as prestigiaram o ato de abertura bem cmo o evento como um todo. Na confer\u00eancia foram escolhidos os delegados que ir\u00e3o representar Santa Rosa a n\u00edvel de estado.<\/p>\n","protected":false},"excerpt":{"rendered":"<p>Realizada nesta quarta- feira, 17 a 1\u00aa Confer\u00eancia Municipal da Sa\u00fade da Mulher.o evento foi&#8230;<\/p>\n","protected":false},"author":11,"featured_media":9924,"comment_status":"open","ping_status":"open","sticky":false,"template":"","format":"standard","meta":{"footnotes":""},"categories":[2],"tags":[],"_links":{"self":[{"href":"http:\/\/www.fumssar.com.br\/index.php?rest_route=\/wp\/v2\/posts\/9923"}],"collection":[{"href":"http:\/\/www.fumssar.com.br\/index.php?rest_route=\/wp\/v2\/posts"}],"about":[{"href":"http:\/\/www.fumssar.com.br\/index.php?rest_route=\/wp\/v2\/types\/post"}],"author":[{"embeddable":true,"href":"http:\/\/www.fumssar.com.br\/index.php?rest_route=\/wp\/v2\/users\/11"}],"replies":[{"embeddable":true,"href":"http:\/\/www.fumssar.com.br\/index.php?rest_route=%2Fwp%2Fv2%2Fcomments&post=9923"}],"version-history":[{"count":2,"href":"http:\/\/www.fumssar.com.br\/index.php?rest_route=\/wp\/v2\/posts\/9923\/revisions"}],"predecessor-version":[{"id":9926,"href":"http:\/\/www.fumssar.com.br\/index.php?rest_route=\/wp\/v2\/posts\/9923\/revisions\/9926"}],"wp:featuredmedia":[{"embeddable":true,"href":"http:\/\/www.fumssar.com.br\/index.php?rest_route=\/wp\/v2\/media\/9924"}],"wp:attachment":[{"href":"http:\/\/www.fumssar.com.br\/index.php?rest_route=%2Fwp%2Fv2%2Fmedia&parent=9923"}],"wp:term":[{"taxonomy":"category","embeddable":true,"href":"http:\/\/www.fumssar.com.br\/index.php?rest_route=%2Fwp%2Fv2%2Fcategories&post=9923"},{"taxonomy":"post_tag","embeddable":true,"href":"http:\/\/www.fumssar.com.br\/index.php?rest_route=%2Fwp%2Fv2%2Ftags&post=9923"}],"curies":[{"name":"wp","href":"https:\/\/api.w.org\/{rel}","templated":true}]}}