{"id":9875,"date":"2017-05-16T16:54:28","date_gmt":"2017-05-16T19:54:28","guid":{"rendered":"http:\/\/www.fumssar.com.br\/?p=9875"},"modified":"2024-10-07T16:35:27","modified_gmt":"2024-10-07T19:35:27","slug":"santa-rosa-realizara-a-1a-conferencia-municipal-da-mulher","status":"publish","type":"post","link":"http:\/\/www.fumssar.com.br\/?p=9875","title":{"rendered":"Santa Rosa Realizar\u00e1 a 1\u00aa Confer\u00eancia Municipal da Mulher"},"content":{"rendered":"<p>Santa Rosa Realizar\u00e1 a 1\u00aa Confer\u00eancia Municipal da Mulher<\/p>\n<p>Prezados (as) Senhores (as),<br \/>\nO Conselho Municipal de Sa\u00fade e demais institui\u00e7\u00f5es apoiadoras t\u00eam a honra de convidar a toda a comunidade para participar da 1a Confer\u00eancia da Sa\u00fade da Mulher, a ser realizada no dia 17 de maio de 2017, nas depend\u00eancias do Audit\u00f3rio da FEMA \u2013 campus 2, na Rua Santa Rosa, n\u00ba. 536.<br \/>\nPrograma\u00e7\u00e3o:<br \/>\n13 h \u2013 Credenciamento;<br \/>\n14 h \u2013 Abertura Oficial;<br \/>\n14h10min \u2013 Palestra abordando a sa\u00fade da mulher;<br \/>\n14h 40min \u2013 Trabalho em grupos;<br \/>\n16h15min \u2013 Intervalo;<br \/>\n16h30min \u2013 Debates sobre os eixos tem\u00e1ticos e questionamentos;<br \/>\n18 h \u2013 Encerramento.<br \/>\nSalientamos que a participa\u00e7\u00e3o desta entidade\/institui\u00e7\u00e3o \u00e9 muito importante, pois \u00e9 uma oportunidade para conhecer e debater a situa\u00e7\u00e3o da sa\u00fade das mulheres no contexto atual, buscando alternativas em promover e garantir uma sa\u00fade de qualidade, atrav\u00e9s do fortalecimento de pol\u00edticas p\u00fablicas.<br \/>\nSegue em anexo o Documento Orientador, que \u00e9 o instrumento de apoio aos debates e constru\u00e7\u00f5es de propostas para a 1\u00aa Confer\u00eancia Municipal de Sa\u00fade das Mulheres.<br \/>\nDesde j\u00e1 agradecemos e contamos com a valorosa participa\u00e7\u00e3o desta entidade\/institui\u00e7\u00e3o.<br \/>\nAtenciosamente,<br \/>\nJos\u00e9 Leocrides Martins<br \/>\nPresidente Conselho Municipal de Sa\u00fade\/Santa Rosa<\/p>\n","protected":false},"excerpt":{"rendered":"<p>Santa Rosa Realizar\u00e1 a 1\u00aa Confer\u00eancia Municipal da Mulher Prezados (as) Senhores (as), O Conselho&#8230;<\/p>\n","protected":false},"author":11,"featured_media":9876,"comment_status":"open","ping_status":"open","sticky":false,"template":"","format":"standard","meta":{"footnotes":""},"categories":[2],"tags":[],"_links":{"self":[{"href":"http:\/\/www.fumssar.com.br\/index.php?rest_route=\/wp\/v2\/posts\/9875"}],"collection":[{"href":"http:\/\/www.fumssar.com.br\/index.php?rest_route=\/wp\/v2\/posts"}],"about":[{"href":"http:\/\/www.fumssar.com.br\/index.php?rest_route=\/wp\/v2\/types\/post"}],"author":[{"embeddable":true,"href":"http:\/\/www.fumssar.com.br\/index.php?rest_route=\/wp\/v2\/users\/11"}],"replies":[{"embeddable":true,"href":"http:\/\/www.fumssar.com.br\/index.php?rest_route=%2Fwp%2Fv2%2Fcomments&post=9875"}],"version-history":[{"count":1,"href":"http:\/\/www.fumssar.com.br\/index.php?rest_route=\/wp\/v2\/posts\/9875\/revisions"}],"predecessor-version":[{"id":9877,"href":"http:\/\/www.fumssar.com.br\/index.php?rest_route=\/wp\/v2\/posts\/9875\/revisions\/9877"}],"wp:featuredmedia":[{"embeddable":true,"href":"http:\/\/www.fumssar.com.br\/index.php?rest_route=\/wp\/v2\/media\/9876"}],"wp:attachment":[{"href":"http:\/\/www.fumssar.com.br\/index.php?rest_route=%2Fwp%2Fv2%2Fmedia&parent=9875"}],"wp:term":[{"taxonomy":"category","embeddable":true,"href":"http:\/\/www.fumssar.com.br\/index.php?rest_route=%2Fwp%2Fv2%2Fcategories&post=9875"},{"taxonomy":"post_tag","embeddable":true,"href":"http:\/\/www.fumssar.com.br\/index.php?rest_route=%2Fwp%2Fv2%2Ftags&post=9875"}],"curies":[{"name":"wp","href":"https:\/\/api.w.org\/{rel}","templated":true}]}}