{"id":9872,"date":"2017-05-16T16:46:11","date_gmt":"2017-05-16T19:46:11","guid":{"rendered":"http:\/\/www.fumssar.com.br\/?p=9872"},"modified":"2024-10-07T16:35:27","modified_gmt":"2024-10-07T19:35:27","slug":"cerestfumssar-realizarao-i-mostra-de-saude-do-trabalhador","status":"publish","type":"post","link":"http:\/\/www.fumssar.com.br\/?p=9872","title":{"rendered":"CEREST\/FUMSSAR realizar\u00e3o  I Mostra de Sa\u00fade do Trabalhador"},"content":{"rendered":"<p>CEREST\/FUMSSAR realizar\u00e3o\u00a0 <b>I Mostra de Sa\u00fade do Trabalhador<\/b><\/p>\n<p>&nbsp;<\/p>\n<p>A Funda\u00e7\u00e3o Municipal de Sa\u00fade de Santa Rosa e o CEREST (Centro de<\/p>\n<p>Refer\u00eancia em Sa\u00fade do Trabalhador) sentem-se honrados em convid\u00e1-los para<\/p>\n<p>prestigiar a <b>I Mostra de Sa\u00fade do Trabalhador <\/b>em alus\u00e3o ao Dia do Trabalho.<\/p>\n<p>&nbsp;<\/p>\n<p>Data: <b>21\/05\/2017<\/b><\/p>\n<p>&nbsp;<\/p>\n<p>Local: <b>Tape Por\u00e3 <\/b>\u2013 Nas proximidades do Supermercado Stock Center<\/p>\n<p>&nbsp;<\/p>\n<p>Hor\u00e1rio: <b>09h &#8211; 17h<\/b><\/p>\n<p>A Mostra tem como o objetivo celebrar a hist\u00f3ria do trabalhador de Santa<\/p>\n<p>Rosa nos diferentes setores da economia, contando um pouco da hist\u00f3ria das<\/p>\n<p>empresas que foram vanguarda no seu ramo empregat\u00edcio e o seu impacto na<\/p>\n<p>gera\u00e7\u00e3o de emprego no munic\u00edpio.<\/p>\n<p>Contamos com a sua presen\u00e7a.<\/p>\n","protected":false},"excerpt":{"rendered":"<p>CEREST\/FUMSSAR realizar\u00e3o\u00a0 I Mostra de Sa\u00fade do Trabalhador &nbsp; A Funda\u00e7\u00e3o Municipal de Sa\u00fade de&#8230;<\/p>\n","protected":false},"author":11,"featured_media":9873,"comment_status":"open","ping_status":"open","sticky":false,"template":"","format":"standard","meta":{"footnotes":""},"categories":[2],"tags":[],"_links":{"self":[{"href":"http:\/\/www.fumssar.com.br\/index.php?rest_route=\/wp\/v2\/posts\/9872"}],"collection":[{"href":"http:\/\/www.fumssar.com.br\/index.php?rest_route=\/wp\/v2\/posts"}],"about":[{"href":"http:\/\/www.fumssar.com.br\/index.php?rest_route=\/wp\/v2\/types\/post"}],"author":[{"embeddable":true,"href":"http:\/\/www.fumssar.com.br\/index.php?rest_route=\/wp\/v2\/users\/11"}],"replies":[{"embeddable":true,"href":"http:\/\/www.fumssar.com.br\/index.php?rest_route=%2Fwp%2Fv2%2Fcomments&post=9872"}],"version-history":[{"count":1,"href":"http:\/\/www.fumssar.com.br\/index.php?rest_route=\/wp\/v2\/posts\/9872\/revisions"}],"predecessor-version":[{"id":9874,"href":"http:\/\/www.fumssar.com.br\/index.php?rest_route=\/wp\/v2\/posts\/9872\/revisions\/9874"}],"wp:featuredmedia":[{"embeddable":true,"href":"http:\/\/www.fumssar.com.br\/index.php?rest_route=\/wp\/v2\/media\/9873"}],"wp:attachment":[{"href":"http:\/\/www.fumssar.com.br\/index.php?rest_route=%2Fwp%2Fv2%2Fmedia&parent=9872"}],"wp:term":[{"taxonomy":"category","embeddable":true,"href":"http:\/\/www.fumssar.com.br\/index.php?rest_route=%2Fwp%2Fv2%2Fcategories&post=9872"},{"taxonomy":"post_tag","embeddable":true,"href":"http:\/\/www.fumssar.com.br\/index.php?rest_route=%2Fwp%2Fv2%2Ftags&post=9872"}],"curies":[{"name":"wp","href":"https:\/\/api.w.org\/{rel}","templated":true}]}}