{"id":9844,"date":"2017-05-12T16:31:33","date_gmt":"2017-05-12T19:31:33","guid":{"rendered":"http:\/\/www.fumssar.com.br\/?p=9844"},"modified":"2024-10-07T16:35:27","modified_gmt":"2024-10-07T19:35:27","slug":"encontro-em-santa-rosa-discutiu-a-influencia-da-populacao-negra-na-cultura-gaucha","status":"publish","type":"post","link":"http:\/\/www.fumssar.com.br\/?p=9844","title":{"rendered":"Encontro em Santa Rosa discutiu a Influ\u00eancia da Popula\u00e7\u00e3o Negra na Cultura Ga\u00facha"},"content":{"rendered":"<p>\u00a0\u00a0\u00a0\u00a0\u00a0\u00a0\u00a0\u00a0\u00a0\u00a0\u00a0\u00a0\u00a0\u00a0\u00a0 Um evento realizado na manh\u00e3 de quinta-feira, 11, trato do tema \u201cA Influ\u00eancia da Popula\u00e7\u00e3o Negra na Cultura Ga\u00facha- Uma Hist\u00f3ria Invis\u00edvel\u201d no Centro C\u00edvico e Cultural Ant\u00f4nio Carlos Borges em \u00a0Santa Rosa. O encontro foi realizado pela Funda\u00e7\u00e3o Municipal de Sa\u00fade \u2013FUMSSAR e Secretaria de Desenvolvimento Educacional do Munic\u00edpio, contando ainda com o apoio \u00a0da 14\u00aa Coordenadoria Regional de Sa\u00fade, 17\u00aa Coordenadoria Regional de Educa\u00e7\u00e3o e Etnia Afro de Santa Rosa.<\/p>\n<p>\u00a0\u00a0\u00a0\u00a0\u00a0\u00a0\u00a0\u00a0\u00a0\u00a0\u00a0\u00a0\u00a0\u00a0\u00a0 Na oportunidade os participantes assistiram a palestras com profissionais especializados no assunto, participaram de oficinas e discuss\u00f5es do tema abordado. Na abertura oficial \u00a0o presidente da FUMSSAR, Anderson Mantei destacou a import\u00e2ncia do evento uma vez que a popula\u00e7\u00e3o afro teve uma grande participa\u00e7\u00e3o na constru\u00e7\u00e3o da nossa hist\u00f3ria e muitas pessoas n\u00e3o conhecem este assunto.<\/p>\n<p><a href=\"http:\/\/www.fumssar.com.br\/wp-content\/uploads\/2017\/05\/etnias-foto-2.jpg\"><img loading=\"lazy\" decoding=\"async\" class=\"alignnone size-medium wp-image-9846\" alt=\"etnias foto 2\" src=\"http:\/\/www.fumssar.com.br\/wp-content\/uploads\/2017\/05\/etnias-foto-2-300x155.jpg\" width=\"300\" height=\"155\" srcset=\"http:\/\/www.fumssar.com.br\/wp-content\/uploads\/2017\/05\/etnias-foto-2-300x155.jpg 300w, http:\/\/www.fumssar.com.br\/wp-content\/uploads\/2017\/05\/etnias-foto-2.jpg 800w\" sizes=\"(max-width: 300px) 100vw, 300px\" \/><\/a><\/p>\n","protected":false},"excerpt":{"rendered":"<p>\u00a0\u00a0\u00a0\u00a0\u00a0\u00a0\u00a0\u00a0\u00a0\u00a0\u00a0\u00a0\u00a0\u00a0\u00a0 Um evento realizado na manh\u00e3 de quinta-feira, 11, trato do tema \u201cA Influ\u00eancia da&#8230;<\/p>\n","protected":false},"author":11,"featured_media":9845,"comment_status":"open","ping_status":"open","sticky":false,"template":"","format":"standard","meta":{"footnotes":""},"categories":[2],"tags":[],"_links":{"self":[{"href":"http:\/\/www.fumssar.com.br\/index.php?rest_route=\/wp\/v2\/posts\/9844"}],"collection":[{"href":"http:\/\/www.fumssar.com.br\/index.php?rest_route=\/wp\/v2\/posts"}],"about":[{"href":"http:\/\/www.fumssar.com.br\/index.php?rest_route=\/wp\/v2\/types\/post"}],"author":[{"embeddable":true,"href":"http:\/\/www.fumssar.com.br\/index.php?rest_route=\/wp\/v2\/users\/11"}],"replies":[{"embeddable":true,"href":"http:\/\/www.fumssar.com.br\/index.php?rest_route=%2Fwp%2Fv2%2Fcomments&post=9844"}],"version-history":[{"count":1,"href":"http:\/\/www.fumssar.com.br\/index.php?rest_route=\/wp\/v2\/posts\/9844\/revisions"}],"predecessor-version":[{"id":9847,"href":"http:\/\/www.fumssar.com.br\/index.php?rest_route=\/wp\/v2\/posts\/9844\/revisions\/9847"}],"wp:featuredmedia":[{"embeddable":true,"href":"http:\/\/www.fumssar.com.br\/index.php?rest_route=\/wp\/v2\/media\/9845"}],"wp:attachment":[{"href":"http:\/\/www.fumssar.com.br\/index.php?rest_route=%2Fwp%2Fv2%2Fmedia&parent=9844"}],"wp:term":[{"taxonomy":"category","embeddable":true,"href":"http:\/\/www.fumssar.com.br\/index.php?rest_route=%2Fwp%2Fv2%2Fcategories&post=9844"},{"taxonomy":"post_tag","embeddable":true,"href":"http:\/\/www.fumssar.com.br\/index.php?rest_route=%2Fwp%2Fv2%2Ftags&post=9844"}],"curies":[{"name":"wp","href":"https:\/\/api.w.org\/{rel}","templated":true}]}}