{"id":9828,"date":"2017-05-11T14:28:16","date_gmt":"2017-05-11T17:28:16","guid":{"rendered":"http:\/\/www.fumssar.com.br\/?p=9828"},"modified":"2024-10-07T16:35:28","modified_gmt":"2024-10-07T19:35:28","slug":"gravidez-na-adolescencia-tem-queda-de-17-no-brasil","status":"publish","type":"post","link":"http:\/\/www.fumssar.com.br\/?p=9828","title":{"rendered":"Gravidez na adolesc\u00eancia tem queda de 17% no Brasil"},"content":{"rendered":"<div align=\"center\">\n<table width=\"100%\" border=\"0\" cellspacing=\"0\" cellpadding=\"0\">\n<tbody>\n<tr>\n<td valign=\"top\" width=\"483\">\n<div align=\"center\">\n<table width=\"100%\" border=\"0\" cellspacing=\"0\" cellpadding=\"0\">\n<tbody>\n<tr>\n<td>\n<div align=\"center\">\n<table width=\"100%\" border=\"0\" cellspacing=\"0\" cellpadding=\"0\">\n<tbody>\n<tr>\n<td>\n<div align=\"center\">\n<table width=\"100%\" border=\"0\" cellspacing=\"0\" cellpadding=\"0\">\n<tbody>\n<tr>\n<td>\n<p align=\"center\"><b>Gravidez na adolesc\u00eancia tem queda de 17% no Brasil <\/b><\/p>\n<\/td>\n<\/tr>\n<tr>\n<td>\u00a0<\/td>\n<\/tr>\n<tr>\n<td>\n<div align=\"center\">\n<table width=\"99%\" border=\"0\" cellspacing=\"0\" cellpadding=\"0\">\n<tbody>\n<tr>\n<td>\u00a0\u00a0\u00a0\u00a0\u00a0 A gravidez na adolesc\u00eancia teve uma queda de 17% no Brasil segundo dados preliminares do Sinasc (Sistema de Informa\u00e7\u00e3o sobre Nascidos Vivos) do Minist\u00e9rio da Sa\u00fade. Em n\u00fameros absolutos a redu\u00e7\u00e3o foi de 661.290 nascidos vivos de m\u00e3es entre 10 e 19 anos em 2004 para 546.529 em 2015. A regi\u00e3o com mais filhos de m\u00e3es adolescentes \u00e9 o Nordeste (180.072 \u2013 32%), seguido da regi\u00e3o Sudeste (179.213 \u2013 32%). A regi\u00e3o Norte vem em terceiro lugar com 81.427 (14%) nascidos vivos de m\u00e3es entre 10 e 19 anos, seguido da regi\u00e3o Sul (62.475 \u2013 11%) e Centro Oeste (43.342 \u2013 8%).<\/p>\n<p>\u00a0\u00a0\u00a0\u00a0\u00a0 A queda no n\u00famero de adolescentes gr\u00e1vidas est\u00e1 relacionada a v\u00e1rios fatores como, \u201cexpans\u00e3o do programa Sa\u00fade da Fam\u00edlia, que aproxima os adolescentes dos profissionais de sa\u00fade, mais acesso a m\u00e9todos contraceptivos e ao programa Sa\u00fade na Escola que oferece informa\u00e7\u00e3o de educa\u00e7\u00e3o em sa\u00fade\u201d, destacou a diretora do Departamento de A\u00e7\u00f5es Program\u00e1ticas Estrat\u00e9gicas (DAPES), Thereza de Lamare.<\/p>\n<p>\u00a0\u00a0\u00a0\u00a0\u00a0 O n\u00famero de crian\u00e7as nascidas, de m\u00e3es adolescentes nessa faixa et\u00e1ria, representa 18% dos 3 milh\u00f5es de nascidos vivos no pa\u00eds em 2015. O Minist\u00e9rio da Sa\u00fade tem implementado a\u00e7\u00f5es para reduzir ainda mais esse percentual, com a divulga\u00e7\u00e3o de a\u00e7\u00f5es em educa\u00e7\u00e3o sexual e direitos reprodutivos. Hoje 66% das gravidezes em adolescentes s\u00e3o indesejadas. Para reduzir os casos de gravidez n\u00e3o planejada, o Minist\u00e9rio da Sa\u00fade investe em pol\u00edticas de educa\u00e7\u00e3o em sa\u00fade e em a\u00e7\u00f5es para o planejamento reprodutivo. Uma das iniciativas \u00e9 a distribui\u00e7\u00e3o das Cadernetas de Sa\u00fade de Adolescentes (CSA), com as vers\u00f5es masculina e feminina. A caderneta cont\u00e9m os subs\u00eddios que orientam o atendimento integral dos jovens, com linguagem acess\u00edvel, possibilitando ao adolescente ser o protagonista do seu desenvolvimento.<\/p>\n<p>\u00a0\u00a0\u00a0\u00a0 Para preven\u00e7\u00e3o da gravidez, o Minist\u00e9rio da Sa\u00fade distribui a P\u00edlula Combinada, Anticoncep\u00e7\u00e3o de Emerg\u00eancia, mini-p\u00edlula, anticoncepcional injet\u00e1vel mensal e trimestral, e diafragma, assim como preservativo feminino e masculino. Recentemente, a pasta anunciou a oferta de DIU de Cobre em todas as maternidades brasileiras, o que inclui as adolescentes dentro desse p\u00fablico a ser beneficiado. Pois \u00e9 uma alternativa a mais para a adolescente que j\u00e1 teve uma gravidez precoce. \u201cO DIU \u00e9 um m\u00e9todo que dura 10 anos, de longa dura\u00e7\u00e3o e n\u00e3o precisa da adolescente ficar lembrando, o que \u00e9 um fator importante para evitar a gravidez\u201d, explica Thereza de Lamare.<\/p>\n<p><b>SA\u00daDE BRASIL<\/b> &#8211; Al\u00e9m da redu\u00e7\u00e3o do percentual de filhos de m\u00e3es adolescentes, a pesquisa Sa\u00fade Brasil (cap\u00edtulo <i>Descri\u00e7\u00e3o da aten\u00e7\u00e3o recebida durante o per\u00edodo grav\u00eddico-puerperal e do perfil de fecundidade e mortalidade dos adolescentes brasileiros<\/i>) mostra que o uso das boas pr\u00e1ticas no que se refere ao parto foram ampliadas. O estudo aponta um aumento de 15% de parto normal entre m\u00e3es adolescentes. Cerca de 70% das adolescentes, entre 10 e 19 anos de idade no ano de 2014, tiveram seus filhos por parto normal, enquanto em 2013 esse percentual foi de 55%.<\/p>\n<p>A pesquisa mostra ainda que enquanto em 2013, apenas 11% das m\u00e3es se alimentaram durante o trabalho de parto, em 2014 esse percentual subiu para 16%. Tamb\u00e9m aumentou o percentual de m\u00e3es que foram orientadas a ter filho em outras posi\u00e7\u00f5es al\u00e9m de deitada, de 10% para 15% no mesmo per\u00edodo. Outro percentual que melhorou foi a presen\u00e7a do acompanhante da escolha da m\u00e3e que passou de 37% para 47% e o do uso do chuveiro como m\u00e9todo para al\u00edvio da dor, que aumentou de 27% para 35%. Os dados corroboram com as orienta\u00e7\u00f5es das Diretrizes do Parto Normal, divulgada no m\u00eas de mar\u00e7o pelo Minist\u00e9rio da Sa\u00fade.<\/p>\n<p>Entre outros achados do estudo Sa\u00fade Brasil, cerca de 55% das jovens disseram ter se movimentado durante o trabalho de parto, enquanto em 2013 esse percentual era de 45%, o que tamb\u00e9m vai de encontro com as diretrizes do parto normal. Para realiza\u00e7\u00e3o da pesquisa, foram entrevistadas adolescentes de 10 a 19 anos. Mais da metade delas s\u00e3o solteiras, negras, n\u00e3o possuem planos de sa\u00fade e possuem renda familiar menor que dois sal\u00e1rios m\u00ednimos.<\/p>\n<p>Os dados tamb\u00e9m servem como alerta, pois mostram que durante o parto algumas pr\u00e1ticas que devem ser evitadas segundo as diretrizes do Parto Normal, ainda est\u00e3o sendo utilizadas. Uma delas \u00e9 a manobra de Kristeller &#8211; quando o \u00fatero da mulher \u00e9 pressionado para tentar auxiliar a expuls\u00e3o que teve incid\u00eancia de 28% em 2014 e a episiotomia (corte no per\u00edneo) que teve incid\u00eancia de 37% no mesmo ano.<\/p>\n<p>A pesquisa tamb\u00e9m demonstra que a lei n\u00ba 11.108\/2005, que garante \u00e0s mulheres o direito \u00e0 presen\u00e7a de acompanhante durante o trabalho de parto, parto e p\u00f3s-parto n\u00e3o t\u00eam sido respeitada pelos servi\u00e7os de sa\u00fade, embora o dado tenha apontado melhora. Em 2013, 33% das adolescentes n\u00e3o tiveram acompanhante na hora do parto. Em 2014, esse percentual caiu para 26%.<\/p>\n<p><b>DIRETRIZES <\/b>&#8211; \u00c9 a primeira vez que o Minist\u00e9rio da Sa\u00fade constr\u00f3i um documento com essa finalidade baseado em evid\u00eancias cient\u00edficas e que serve de consulta para os profissionais de sa\u00fade e gestantes. A partir de agora, toda mulher ter\u00e1 direito e definir o seu plano de parto que trar\u00e1 informa\u00e7\u00f5es como local onde ser\u00e1 realizado, orienta\u00e7\u00f5es e benef\u00edcios do parto normal. Essas medidas visam o respeito no acolhimento e mais informa\u00e7\u00f5es para o empoderamento da mulher no processo de decis\u00e3o ao qual tem o direito. Assim, o parto deixa ser tratado como um conjunto de t\u00e9cnicas, e sim como um momento fundamental entre m\u00e3e e filho.<\/p>\n<p>As diretrizes do parto normal foram elaboradas por um grupo multidisciplinar, composto por m\u00e9dicos obstetras, m\u00e9dicos de fam\u00edlia, cl\u00ednicos gerais, m\u00e9dico neonatologista, m\u00e9dico anestesiologista e enfermeiras obst\u00e9tricas, convidados pela Comiss\u00e3o Nacional de Incorpora\u00e7\u00e3o de Tecnologias no SUS (CONITEC) e pela coordena\u00e7\u00e3o de Sa\u00fade da Mulher. \u00a0Foram recebidas 396 contribui\u00e7\u00f5es, sendo a maioria (84%) foi feita por mulheres.<\/td>\n<\/tr>\n<tr>\n<td>&nbsp;<\/td>\n<\/tr>\n<\/tbody>\n<\/table>\n<\/div>\n<\/td>\n<\/tr>\n<tr>\n<td>\n<p align=\"right\">11\/05\/2017<\/p>\n<\/td>\n<\/tr>\n<tr>\n<td>\n<p align=\"right\">Fonte: MINIST\u00c9RIO DA SA\u00daDE<\/p>\n<\/td>\n<\/tr>\n<\/tbody>\n<\/table>\n<\/div>\n<\/td>\n<\/tr>\n<\/tbody>\n<\/table>\n<\/div>\n<\/td>\n<\/tr>\n<tr>\n<td>\u00a0<\/td>\n<\/tr>\n<\/tbody>\n<\/table>\n<\/div>\n<\/td>\n<td width=\"20\">\n<p align=\"center\">\u00a0<\/p>\n<\/td>\n<\/tr>\n<\/tbody>\n<\/table>\n<\/div>\n<p>&nbsp;<\/p>\n","protected":false},"excerpt":{"rendered":"<p>Gravidez na adolesc\u00eancia tem queda de 17% no Brasil \u00a0 \u00a0\u00a0\u00a0\u00a0\u00a0 A gravidez na adolesc\u00eancia&#8230;<\/p>\n","protected":false},"author":11,"featured_media":9829,"comment_status":"open","ping_status":"open","sticky":false,"template":"","format":"standard","meta":{"footnotes":""},"categories":[2],"tags":[],"_links":{"self":[{"href":"http:\/\/www.fumssar.com.br\/index.php?rest_route=\/wp\/v2\/posts\/9828"}],"collection":[{"href":"http:\/\/www.fumssar.com.br\/index.php?rest_route=\/wp\/v2\/posts"}],"about":[{"href":"http:\/\/www.fumssar.com.br\/index.php?rest_route=\/wp\/v2\/types\/post"}],"author":[{"embeddable":true,"href":"http:\/\/www.fumssar.com.br\/index.php?rest_route=\/wp\/v2\/users\/11"}],"replies":[{"embeddable":true,"href":"http:\/\/www.fumssar.com.br\/index.php?rest_route=%2Fwp%2Fv2%2Fcomments&post=9828"}],"version-history":[{"count":1,"href":"http:\/\/www.fumssar.com.br\/index.php?rest_route=\/wp\/v2\/posts\/9828\/revisions"}],"predecessor-version":[{"id":9830,"href":"http:\/\/www.fumssar.com.br\/index.php?rest_route=\/wp\/v2\/posts\/9828\/revisions\/9830"}],"wp:featuredmedia":[{"embeddable":true,"href":"http:\/\/www.fumssar.com.br\/index.php?rest_route=\/wp\/v2\/media\/9829"}],"wp:attachment":[{"href":"http:\/\/www.fumssar.com.br\/index.php?rest_route=%2Fwp%2Fv2%2Fmedia&parent=9828"}],"wp:term":[{"taxonomy":"category","embeddable":true,"href":"http:\/\/www.fumssar.com.br\/index.php?rest_route=%2Fwp%2Fv2%2Fcategories&post=9828"},{"taxonomy":"post_tag","embeddable":true,"href":"http:\/\/www.fumssar.com.br\/index.php?rest_route=%2Fwp%2Fv2%2Ftags&post=9828"}],"curies":[{"name":"wp","href":"https:\/\/api.w.org\/{rel}","templated":true}]}}