{"id":9814,"date":"2017-05-05T14:40:31","date_gmt":"2017-05-05T17:40:31","guid":{"rendered":"http:\/\/www.fumssar.com.br\/?p=9814"},"modified":"2024-10-07T16:35:28","modified_gmt":"2024-10-07T19:35:28","slug":"santa-rosa-segue-com-campanha-nacional-de-vacinacao-contra-influenza","status":"publish","type":"post","link":"http:\/\/www.fumssar.com.br\/?p=9814","title":{"rendered":"SANTA ROSA SEGUE COM CAMPANHA NACIONAL DE VACINA\u00c7\u00c3O CONTRA INFLUENZA"},"content":{"rendered":"<p>Iniciou no dia 17 de abril a Campanha Nacional de Vacina\u00e7\u00e3o contra Influenza em todos os postos de sa\u00fade. At\u00e9 o momento, foram aplicadas no munic\u00edpio 11800 doses, correspondendo a 65% da meta estipulada pelo Minist\u00e9rio da Sa\u00fade. A meta para 2017 \u00e9 vacinar pelo menos 90% do p\u00fablico-alvo da campanha.<\/p>\n<p>\u00a0\u00a0\u00a0\u00a0\u00a0\u00a0\u00a0\u00a0\u00a0\u00a0\u00a0 A vacina\u00e7\u00e3o contra influenza mostra-se como uma das medidas mais efetivas para a preven\u00e7\u00e3o da influenza grave e de suas complica\u00e7\u00f5es. As vacinas disponibilizadas s\u00e3o compostas por v\u00edrus inativados, sendo bastante seguras. Sua prote\u00e7\u00e3o inicia de 2 a 3 semanas ap\u00f3s a vacina\u00e7\u00e3o e dura de 6 a 12 meses, por isso a vacina deve ser repetida anualmente.<\/p>\n<p>\u00a0\u00a0\u00a0\u00a0\u00a0\u00a0\u00a0\u00a0\u00a0\u00a0\u00a0 Os grupos que menos aderiram \u00e0 vacina\u00e7\u00e3o at\u00e9 o momento s\u00e3o as crian\u00e7as (43% vacinados), seguido das gestantes (50% vacinados) e os trabalhadores de sa\u00fade (64% vacinados). Salientamos que os p\u00fablicos-alvo da campanha (crian\u00e7as &lt; 5 anos, gestantes, idosos, profissionais de sa\u00fade, pu\u00e9rperas at\u00e9 45 dias p\u00f3s-parto e os doentes cr\u00f4nicos) s\u00e3o considerados grupos de risco para influenza e suas complica\u00e7\u00f5es, e por isso \u00e9 extremamente recomend\u00e1vel que se vacinem o quanto antes.<\/p>\n<p>\u00a0\u00a0\u00a0\u00a0\u00a0\u00a0\u00a0\u00a0\u00a0\u00a0\u00a0 A campanha de vacina\u00e7\u00e3o encerra no dia 26 de maio, e no dia 13 de maio (s\u00e1bado) ser\u00e1 o dia nacional de mobiliza\u00e7\u00e3o \u2013 dia D, no qual todos os postos de sa\u00fade estar\u00e3o abertos das 8 \u00e0s 17 horas para vacina\u00e7\u00e3o. Importante procurar o posto de sa\u00fade de sua resid\u00eancia e levar o cart\u00e3o de vacinas.<\/p>\n","protected":false},"excerpt":{"rendered":"<p>Iniciou no dia 17 de abril a Campanha Nacional de Vacina\u00e7\u00e3o contra Influenza em todos&#8230;<\/p>\n","protected":false},"author":11,"featured_media":9815,"comment_status":"open","ping_status":"open","sticky":false,"template":"","format":"standard","meta":{"footnotes":""},"categories":[2],"tags":[],"_links":{"self":[{"href":"http:\/\/www.fumssar.com.br\/index.php?rest_route=\/wp\/v2\/posts\/9814"}],"collection":[{"href":"http:\/\/www.fumssar.com.br\/index.php?rest_route=\/wp\/v2\/posts"}],"about":[{"href":"http:\/\/www.fumssar.com.br\/index.php?rest_route=\/wp\/v2\/types\/post"}],"author":[{"embeddable":true,"href":"http:\/\/www.fumssar.com.br\/index.php?rest_route=\/wp\/v2\/users\/11"}],"replies":[{"embeddable":true,"href":"http:\/\/www.fumssar.com.br\/index.php?rest_route=%2Fwp%2Fv2%2Fcomments&post=9814"}],"version-history":[{"count":1,"href":"http:\/\/www.fumssar.com.br\/index.php?rest_route=\/wp\/v2\/posts\/9814\/revisions"}],"predecessor-version":[{"id":9816,"href":"http:\/\/www.fumssar.com.br\/index.php?rest_route=\/wp\/v2\/posts\/9814\/revisions\/9816"}],"wp:featuredmedia":[{"embeddable":true,"href":"http:\/\/www.fumssar.com.br\/index.php?rest_route=\/wp\/v2\/media\/9815"}],"wp:attachment":[{"href":"http:\/\/www.fumssar.com.br\/index.php?rest_route=%2Fwp%2Fv2%2Fmedia&parent=9814"}],"wp:term":[{"taxonomy":"category","embeddable":true,"href":"http:\/\/www.fumssar.com.br\/index.php?rest_route=%2Fwp%2Fv2%2Fcategories&post=9814"},{"taxonomy":"post_tag","embeddable":true,"href":"http:\/\/www.fumssar.com.br\/index.php?rest_route=%2Fwp%2Fv2%2Ftags&post=9814"}],"curies":[{"name":"wp","href":"https:\/\/api.w.org\/{rel}","templated":true}]}}