{"id":9322,"date":"2017-02-02T14:38:40","date_gmt":"2017-02-02T17:38:40","guid":{"rendered":"http:\/\/www.fumssar.com.br\/?p=9322"},"modified":"2024-10-07T16:35:29","modified_gmt":"2024-10-07T19:35:29","slug":"residencia-multiprofissional-em-saude-da-familia-fumssar-unijui-realiza-formatura-da-6a-turma","status":"publish","type":"post","link":"http:\/\/www.fumssar.com.br\/?p=9322","title":{"rendered":"Resid\u00eancia Multiprofissional em Sa\u00fade da Fam\u00edlia, FUMSSAR UNIJU\u00cd realiza formatura da 6\u00aa turma"},"content":{"rendered":"<p>&nbsp;<\/p>\n<p>A noite de ter\u00e7a-feira, dia 31 de janeiro, ficou marcada pela formatura da 6\u00aa turma do Programa de Resid\u00eancia Multiprofissional em Sa\u00fade da Fam\u00edlia, no Audit\u00f3rio Central da UNIJU\u00cd Campus Santa Rosa. O programa \u00e9 financiado pelo Minist\u00e9rio da Sa\u00fade e conta com a parceria da UNIJU\u00cd juntamente com a Funda\u00e7\u00e3o Municipal de Sa\u00fade de Santa Rosa (FUMSSAR).<\/p>\n<p>O t\u00edtulo de especialista em Sa\u00fade da Fam\u00edlia foi concedido para sete profissionais da \u00e1rea da sa\u00fade, que envolveram as \u00e1reas: nutri\u00e7\u00e3o, psicologia, educa\u00e7\u00e3o f\u00edsica, servi\u00e7o social e enfermagem. Na oportunidade participaram do evento a coordena\u00e7\u00e3o do programa, professores, dire\u00e7\u00e3o da FUMSSAR, profissionais de sa\u00fade, residentes, autoridades locais, pais e convidados dos formandos.<\/p>\n<p>De acordo com a Coordenadora do Programa de Resid\u00eancia Multiprofissional em Sa\u00fade da Fam\u00edlia, professora Karla Renata de Oliveira, para a UNIJU\u00cd contribuir no processo de qualifica\u00e7\u00e3o de profissionais de sa\u00fade para o campo da sa\u00fade p\u00fablica, a partir de uma proposta multiprofissional e interdisciplinar tem sido muito gratificante.<\/p>\n<p><strong>Sobre o programa<\/strong><\/p>\n<p>O programa consiste em um curso em n\u00edvel de p\u00f3s-gradua\u00e7\u00e3o com dura\u00e7\u00e3o de dois anos.\u00a0 As atividades pr\u00e1ticas s\u00e3o desenvolvidas nas Unidades de Sa\u00fade do munic\u00edpio de Santa Rosa e a parte te\u00f3rica na UNIJU\u00cd. O Programa \u00e9 gratuito e o aluno recebe ainda uma bolsa de trabalho, financiada pelo Minist\u00e9rio da Sa\u00fade, exigindo dedica\u00e7\u00e3o de 60 horas semanais em atividades de forma\u00e7\u00e3o e de ensino em servi\u00e7os.<\/p>\n<p>No pr\u00f3ximo s\u00e1bado, dia 04, acontecer\u00e1 mais um processo seletivo da 7\u00aa turma de Resid\u00eancia Multiprofissional em Sa\u00fade da Fam\u00edlia, ser\u00e1 realizado na UNIJU\u00cd Campus Santa Rosa. Na ocasi\u00e3o mais de 100 candidatos concorreram h\u00e1 11 vagas, distribu\u00eddas nas \u00e1reas: enfermagem (4), educa\u00e7\u00e3o f\u00edsica (1), farm\u00e1cia (1), nutri\u00e7\u00e3o (1), odontologia (2), psicologia (1) e servi\u00e7o social (1). As atividades da nova turma iniciam no dia 1\u00ba de mar\u00e7o conforme determinado pela legisla\u00e7\u00e3o.<\/p>\n<p>Fonte: Portal UNIJU\u00cd<\/p>\n","protected":false},"excerpt":{"rendered":"<p>&nbsp; A noite de ter\u00e7a-feira, dia 31 de janeiro, ficou marcada pela formatura da 6\u00aa&#8230;<\/p>\n","protected":false},"author":11,"featured_media":9325,"comment_status":"open","ping_status":"open","sticky":false,"template":"","format":"standard","meta":{"footnotes":""},"categories":[2],"tags":[],"_links":{"self":[{"href":"http:\/\/www.fumssar.com.br\/index.php?rest_route=\/wp\/v2\/posts\/9322"}],"collection":[{"href":"http:\/\/www.fumssar.com.br\/index.php?rest_route=\/wp\/v2\/posts"}],"about":[{"href":"http:\/\/www.fumssar.com.br\/index.php?rest_route=\/wp\/v2\/types\/post"}],"author":[{"embeddable":true,"href":"http:\/\/www.fumssar.com.br\/index.php?rest_route=\/wp\/v2\/users\/11"}],"replies":[{"embeddable":true,"href":"http:\/\/www.fumssar.com.br\/index.php?rest_route=%2Fwp%2Fv2%2Fcomments&post=9322"}],"version-history":[{"count":2,"href":"http:\/\/www.fumssar.com.br\/index.php?rest_route=\/wp\/v2\/posts\/9322\/revisions"}],"predecessor-version":[{"id":9327,"href":"http:\/\/www.fumssar.com.br\/index.php?rest_route=\/wp\/v2\/posts\/9322\/revisions\/9327"}],"wp:featuredmedia":[{"embeddable":true,"href":"http:\/\/www.fumssar.com.br\/index.php?rest_route=\/wp\/v2\/media\/9325"}],"wp:attachment":[{"href":"http:\/\/www.fumssar.com.br\/index.php?rest_route=%2Fwp%2Fv2%2Fmedia&parent=9322"}],"wp:term":[{"taxonomy":"category","embeddable":true,"href":"http:\/\/www.fumssar.com.br\/index.php?rest_route=%2Fwp%2Fv2%2Fcategories&post=9322"},{"taxonomy":"post_tag","embeddable":true,"href":"http:\/\/www.fumssar.com.br\/index.php?rest_route=%2Fwp%2Fv2%2Ftags&post=9322"}],"curies":[{"name":"wp","href":"https:\/\/api.w.org\/{rel}","templated":true}]}}