{"id":9287,"date":"2017-01-23T15:50:02","date_gmt":"2017-01-23T18:50:02","guid":{"rendered":"http:\/\/www.fumssar.com.br\/?p=9287"},"modified":"2024-10-07T16:35:29","modified_gmt":"2024-10-07T19:35:29","slug":"fumssar-e-19o-rcmec-avaliaram-acoes-de-combate-ao-aedes-aegypti","status":"publish","type":"post","link":"http:\/\/www.fumssar.com.br\/?p=9287","title":{"rendered":"FUMSSAR e 19\u00ba RCMEC avaliaram a\u00e7\u00f5es de combate ao Aedes aegypti"},"content":{"rendered":"<p>&nbsp;<\/p>\n<p>\u00a0\u00a0\u00a0\u00a0\u00a0\u00a0\u00a0\u00a0\u00a0\u00a0\u00a0\u00a0\u00a0\u00a0\u00a0 As a\u00e7\u00f5es de combate ao mosquito Aedes aegypti foram avaliadas em um evento realizado na manh\u00e3 de quinta-feira, 19, no audit\u00f3rio do 19\u00ba RCMEC.<\/p>\n<p>\u00a0\u00a0\u00a0\u00a0\u00a0\u00a0\u00a0\u00a0\u00a0\u00a0\u00a0 O evento foi coordenado pelo presidente da FUMSSAR, Dr. Anderson Mantei e contou com a presen\u00e7a de autoridades, servidores, militares e outras lideran\u00e7as.\u00a0 No encontro, Mantei apresentou um breve relat\u00f3rio apontando um acr\u00e9scimo significativo de visitas em domic\u00edlios, com a participa\u00e7\u00e3o dos militares, junto com os agentes de endemias e agentes de sa\u00fade nas a\u00e7\u00f5es.<\/p>\n<p>\u00a0\u00a0\u00a0\u00a0\u00a0\u00a0\u00a0\u00a0\u00a0\u00a0\u00a0 Mantei ressaltou que o efetivo cedido pelo ex\u00e9rcito tem sido muito importante, uma vez que a demanda vem crescendo de forma muito acentuada tendo em vista que o per\u00edodo de ver\u00e3o \u00e9 prop\u00edcio para a prolifera\u00e7\u00e3o do mosquito.\u00a0 Ele ressaltou que os n\u00fameros apurados demonstram o refor\u00e7o dos militares, pois no m\u00eas de novembro foram realizadas 12. 818 visitas e em dezembro 25.643, m\u00eas em que o 19\u00ba iniciou a atua\u00e7\u00e3o em conjunto com os agentes. \u201c\u00c9 um refor\u00e7o significativo dos militares junto com nossos servidores\u201d destacou Mantei.<\/p>\n<p>\u00a0\u00a0\u00a0\u00a0\u00a0\u00a0\u00a0\u00a0\u00a0\u00a0\u00a0 O presidente ressaltou tamb\u00e9m a participa\u00e7\u00e3o muito efetiva do Regimento em diversas a\u00e7\u00f5es na comunidade, e da atua\u00e7\u00e3o do Coronel Carlotto que est\u00e1 deixando o comando da unidade militar em Santa Rosa.<\/p>\n<p>\u00a0\u00a0\u00a0\u00a0\u00a0\u00a0\u00a0\u00a0\u00a0\u00a0\u00a0 O Vice-prefeito, Dr. Lu\u00eds Ant\u00f4nio Benvegn\u00fa destacou que a presen\u00e7a dos militares vem refor\u00e7ar o trabalho que \u00e9 realizado pelos servidores, e \u00e9 uma m\u00e3o de obra que vem em boa hora.<\/p>\n<p>\u00a0\u00a0\u00a0\u00a0\u00a0\u00a0\u00a0\u00a0\u00a0\u00a0\u00a0 O comandante do 19\u00ba disse que o\u00a0 Regimento desde que se instalou em Santa Rosa, sempre participou de a\u00e7\u00f5es comunit\u00e1rias em prol\u00a0 da popula\u00e7\u00e3o,\u00a0 e que o combate ao Aedes \u00e9 uma miss\u00e3o que vem proteger a sa\u00fade da popula\u00e7\u00e3o.<\/p>\n<p>\u00a0\u00a0\u00a0\u00a0\u00a0\u00a0\u00a0\u00a0\u00a0\u00a0\u00a0 Participam das a\u00e7\u00f5es juntos com os agentes 30 militares em Santa Rosa.<\/p>\n<p><a href=\"http:\/\/www.fumssar.com.br\/wp-content\/uploads\/2017\/01\/a\u00e7\u00f5es-19-2.jpg\"><img loading=\"lazy\" decoding=\"async\" class=\"alignnone size-medium wp-image-9289\" alt=\"a\u00e7\u00f5es 19 2\" src=\"http:\/\/www.fumssar.com.br\/wp-content\/uploads\/2017\/01\/a\u00e7\u00f5es-19-2-300x188.jpg\" width=\"300\" height=\"188\" srcset=\"http:\/\/www.fumssar.com.br\/wp-content\/uploads\/2017\/01\/a\u00e7\u00f5es-19-2-300x188.jpg 300w, http:\/\/www.fumssar.com.br\/wp-content\/uploads\/2017\/01\/a\u00e7\u00f5es-19-2.jpg 714w\" sizes=\"(max-width: 300px) 100vw, 300px\" \/><\/a><\/p>\n","protected":false},"excerpt":{"rendered":"<p>&nbsp; \u00a0\u00a0\u00a0\u00a0\u00a0\u00a0\u00a0\u00a0\u00a0\u00a0\u00a0\u00a0\u00a0\u00a0\u00a0 As a\u00e7\u00f5es de combate ao mosquito Aedes aegypti foram avaliadas em um evento&#8230;<\/p>\n","protected":false},"author":11,"featured_media":9288,"comment_status":"open","ping_status":"open","sticky":false,"template":"","format":"standard","meta":{"footnotes":""},"categories":[2],"tags":[],"_links":{"self":[{"href":"http:\/\/www.fumssar.com.br\/index.php?rest_route=\/wp\/v2\/posts\/9287"}],"collection":[{"href":"http:\/\/www.fumssar.com.br\/index.php?rest_route=\/wp\/v2\/posts"}],"about":[{"href":"http:\/\/www.fumssar.com.br\/index.php?rest_route=\/wp\/v2\/types\/post"}],"author":[{"embeddable":true,"href":"http:\/\/www.fumssar.com.br\/index.php?rest_route=\/wp\/v2\/users\/11"}],"replies":[{"embeddable":true,"href":"http:\/\/www.fumssar.com.br\/index.php?rest_route=%2Fwp%2Fv2%2Fcomments&post=9287"}],"version-history":[{"count":1,"href":"http:\/\/www.fumssar.com.br\/index.php?rest_route=\/wp\/v2\/posts\/9287\/revisions"}],"predecessor-version":[{"id":9290,"href":"http:\/\/www.fumssar.com.br\/index.php?rest_route=\/wp\/v2\/posts\/9287\/revisions\/9290"}],"wp:featuredmedia":[{"embeddable":true,"href":"http:\/\/www.fumssar.com.br\/index.php?rest_route=\/wp\/v2\/media\/9288"}],"wp:attachment":[{"href":"http:\/\/www.fumssar.com.br\/index.php?rest_route=%2Fwp%2Fv2%2Fmedia&parent=9287"}],"wp:term":[{"taxonomy":"category","embeddable":true,"href":"http:\/\/www.fumssar.com.br\/index.php?rest_route=%2Fwp%2Fv2%2Fcategories&post=9287"},{"taxonomy":"post_tag","embeddable":true,"href":"http:\/\/www.fumssar.com.br\/index.php?rest_route=%2Fwp%2Fv2%2Ftags&post=9287"}],"curies":[{"name":"wp","href":"https:\/\/api.w.org\/{rel}","templated":true}]}}